{"id":35301,"date":"2021-06-25T15:02:19","date_gmt":"2021-06-25T18:02:19","guid":{"rendered":"http:\/\/www.almargenweb.com.ar\/web\/?p=35301"},"modified":"2021-06-25T15:02:19","modified_gmt":"2021-06-25T18:02:19","slug":"en-la-provincia-917-mil-las-personas-aun-esperan-la-segunda-dosis-de-vacuna","status":"publish","type":"post","link":"https:\/\/www.almargenweb.com.ar\/web\/en-la-provincia-917-mil-las-personas-aun-esperan-la-segunda-dosis-de-vacuna\/","title":{"rendered":"En la provincia, 917 mil las personas, a\u00fan  esperan la segunda dosis de vacuna"},"content":{"rendered":"\n<p>El avance de la campa\u00f1a de vacunaci\u00f3n contra el Covid-19 en la provincia no deja de generar expectativas y la mirada est\u00e1 puesta en julio cuando Santa Fe, alcance cierta inmunidad cuando m\u00e1s del 60% de la poblaci\u00f3n mayor de 18 a\u00f1os haya recibido al menos una dosis vacuna.<\/p>\n\n\n\n<p>Pensar en un esquema de inmunizaci\u00f3n que combine dos dosis de dos vacunas diferentes es una de las alternativas en evaluaci\u00f3n en Argentina y en el mundo. De hecho, en Espa\u00f1a y Reino Unido ya hay estudios con resultados preliminares que avanzan en ese sentido y en el pa\u00eds, para trabajar sobre esa cuesti\u00f3n, se reunir\u00e1 la semana pr\u00f3xima la Comisi\u00f3n Nacional de Inmunizaciones.<\/p>\n\n\n\n<p>La canciller alemana, Angela Merkel, recibi\u00f3 recientemente una segunda dosis de vacuna del laboratorio estadounidense Moderna, cuando en abril le hab\u00edan aplicado una primera dosis de producci\u00f3n sueco-brit\u00e1nica del laboratorio AstraZeneca.<\/p>\n\n\n\n<p>En Santa Fe ya se vacunaron 1.222.149 personas, de las cuales 917 mil est\u00e1n a la espera de la segunda aplicaci\u00f3n. Quienes recibieron la vacuna fabricada en China por el laboratorio Sinopharm son los que mayormente pudieron completar el cronograma: 131.631 y a\u00fan 7.578 a\u00fan aguardan el componente dos.<\/p>\n\n\n\n<p>En tanto, Sputnik y AstraZeneca suman 460.518 y 448.912 personas, respectivamente, a la espera de terminar con el proceso de inmunizaci\u00f3n.<\/p>\n<!-- AddThis Advanced Settings generic via filter on the_content --><!-- AddThis Share Buttons generic via filter on the_content -->","protected":false},"excerpt":{"rendered":"<p>El avance de la campa\u00f1a de vacunaci\u00f3n contra el Covid-19 en la provincia no deja de [&hellip;]<!-- AddThis Advanced Settings generic via filter on get_the_excerpt --><!-- AddThis Share Buttons generic via filter on get_the_excerpt --><\/p>\n","protected":false},"author":16,"featured_media":35303,"comment_status":"open","ping_status":"open","sticky":false,"template":"","format":"standard","meta":{"_seopress_robots_primary_cat":"none","_seopress_titles_title":"","_seopress_titles_desc":"","_seopress_robots_index":"","_themeisle_gutenberg_block_has_review":false,"footnotes":""},"categories":[2,164,9,15],"tags":[],"class_list":["post-35301","post","type-post","status-publish","format-standard","has-post-thumbnail","hentry","category-actualidad","category-ambiente","category-politica","category-salud"],"_links":{"self":[{"href":"https:\/\/www.almargenweb.com.ar\/web\/wp-json\/wp\/v2\/posts\/35301","targetHints":{"allow":["GET"]}}],"collection":[{"href":"https:\/\/www.almargenweb.com.ar\/web\/wp-json\/wp\/v2\/posts"}],"about":[{"href":"https:\/\/www.almargenweb.com.ar\/web\/wp-json\/wp\/v2\/types\/post"}],"author":[{"embeddable":true,"href":"https:\/\/www.almargenweb.com.ar\/web\/wp-json\/wp\/v2\/users\/16"}],"replies":[{"embeddable":true,"href":"https:\/\/www.almargenweb.com.ar\/web\/wp-json\/wp\/v2\/comments?post=35301"}],"version-history":[{"count":1,"href":"https:\/\/www.almargenweb.com.ar\/web\/wp-json\/wp\/v2\/posts\/35301\/revisions"}],"predecessor-version":[{"id":35304,"href":"https:\/\/www.almargenweb.com.ar\/web\/wp-json\/wp\/v2\/posts\/35301\/revisions\/35304"}],"wp:featuredmedia":[{"embeddable":true,"href":"https:\/\/www.almargenweb.com.ar\/web\/wp-json\/wp\/v2\/media\/35303"}],"wp:attachment":[{"href":"https:\/\/www.almargenweb.com.ar\/web\/wp-json\/wp\/v2\/media?parent=35301"}],"wp:term":[{"taxonomy":"category","embeddable":true,"href":"https:\/\/www.almargenweb.com.ar\/web\/wp-json\/wp\/v2\/categories?post=35301"},{"taxonomy":"post_tag","embeddable":true,"href":"https:\/\/www.almargenweb.com.ar\/web\/wp-json\/wp\/v2\/tags?post=35301"}],"curies":[{"name":"wp","href":"https:\/\/api.w.org\/{rel}","templated":true}]}}