{"id":35296,"date":"2021-06-25T10:28:09","date_gmt":"2021-06-25T13:28:09","guid":{"rendered":"http:\/\/www.almargenweb.com.ar\/web\/?p=35296"},"modified":"2021-06-25T10:28:10","modified_gmt":"2021-06-25T13:28:10","slug":"covid-los-obstetras-recomiendan-vacunarse-a-las-mujeres-gestantes","status":"publish","type":"post","link":"https:\/\/www.almargenweb.com.ar\/web\/covid-los-obstetras-recomiendan-vacunarse-a-las-mujeres-gestantes\/","title":{"rendered":"Covid: los obstetras recomiendan vacunarse a las mujeres gestantes"},"content":{"rendered":"\n<p>La Asociaci\u00f3n Obst\u00e9trica y Ginecol\u00f3gica de Santa Fe aval\u00f3 la decisi\u00f3n de la cartera de salud y recomienda la vacunaci\u00f3n contra el covid en este grupo que hoy es considerado de riesgo.<\/p>\n\n\n\n<p>El contexto genera dudas, pero con todas las pacientes que consultaron se tuvo su respectiva charla y se hizo la indicaci\u00f3n para que concurran al centro de vacunaci\u00f3n.<\/p>\n\n\n\n<p>Los especialistas de la salud recomiendan acudir a la consulta m\u00e9dica para evaluar las situaciones particulares.<\/p>\n\n\n\n<p>Hasta ahora la informaci\u00f3n que se tiene en torno a los efectos de las vacunas est\u00e1 en desarrollo y esto es un aspecto que genera dudas. Pero destac\u00f3 la importante cantidad de estudios que se publicaron y avalan la aplicaci\u00f3n de las vacunas, cuyos efectos secundarios son m\u00ednimos.<\/p>\n\n\n\n<p>A pesar de que el Ministerio de Salud de la Naci\u00f3n recomienda evitar la aplicaci\u00f3n de la vacuna Astrazeneca en mujeres gestantes, esto no implica que la persona no se deba vacunar.<\/p>\n<!-- AddThis Advanced Settings generic via filter on the_content --><!-- AddThis Share Buttons generic via filter on the_content -->","protected":false},"excerpt":{"rendered":"<p>La Asociaci\u00f3n Obst\u00e9trica y Ginecol\u00f3gica de Santa Fe aval\u00f3 la decisi\u00f3n de la cartera de salud [&hellip;]<!-- AddThis Advanced Settings generic via filter on get_the_excerpt --><!-- AddThis Share Buttons generic via filter on get_the_excerpt --><\/p>\n","protected":false},"author":16,"featured_media":35298,"comment_status":"open","ping_status":"open","sticky":false,"template":"","format":"standard","meta":{"_seopress_robots_primary_cat":"none","_seopress_titles_title":"","_seopress_titles_desc":"","_seopress_robots_index":"","_themeisle_gutenberg_block_has_review":false,"footnotes":""},"categories":[2,140,9,15],"tags":[],"class_list":["post-35296","post","type-post","status-publish","format-standard","has-post-thumbnail","hentry","category-actualidad","category-nacionales","category-politica","category-salud"],"_links":{"self":[{"href":"https:\/\/www.almargenweb.com.ar\/web\/wp-json\/wp\/v2\/posts\/35296","targetHints":{"allow":["GET"]}}],"collection":[{"href":"https:\/\/www.almargenweb.com.ar\/web\/wp-json\/wp\/v2\/posts"}],"about":[{"href":"https:\/\/www.almargenweb.com.ar\/web\/wp-json\/wp\/v2\/types\/post"}],"author":[{"embeddable":true,"href":"https:\/\/www.almargenweb.com.ar\/web\/wp-json\/wp\/v2\/users\/16"}],"replies":[{"embeddable":true,"href":"https:\/\/www.almargenweb.com.ar\/web\/wp-json\/wp\/v2\/comments?post=35296"}],"version-history":[{"count":1,"href":"https:\/\/www.almargenweb.com.ar\/web\/wp-json\/wp\/v2\/posts\/35296\/revisions"}],"predecessor-version":[{"id":35299,"href":"https:\/\/www.almargenweb.com.ar\/web\/wp-json\/wp\/v2\/posts\/35296\/revisions\/35299"}],"wp:featuredmedia":[{"embeddable":true,"href":"https:\/\/www.almargenweb.com.ar\/web\/wp-json\/wp\/v2\/media\/35298"}],"wp:attachment":[{"href":"https:\/\/www.almargenweb.com.ar\/web\/wp-json\/wp\/v2\/media?parent=35296"}],"wp:term":[{"taxonomy":"category","embeddable":true,"href":"https:\/\/www.almargenweb.com.ar\/web\/wp-json\/wp\/v2\/categories?post=35296"},{"taxonomy":"post_tag","embeddable":true,"href":"https:\/\/www.almargenweb.com.ar\/web\/wp-json\/wp\/v2\/tags?post=35296"}],"curies":[{"name":"wp","href":"https:\/\/api.w.org\/{rel}","templated":true}]}}