{"id":35273,"date":"2021-06-23T08:43:39","date_gmt":"2021-06-23T11:43:39","guid":{"rendered":"http:\/\/www.almargenweb.com.ar\/web\/?p=35273"},"modified":"2021-06-23T08:43:40","modified_gmt":"2021-06-23T11:43:40","slug":"reabren-de-forma-parcial-las-exportaciones-de-carne-vacuna-disconformidad-en-la-mesa-de-enlace","status":"publish","type":"post","link":"https:\/\/www.almargenweb.com.ar\/web\/reabren-de-forma-parcial-las-exportaciones-de-carne-vacuna-disconformidad-en-la-mesa-de-enlace\/","title":{"rendered":"Reabren de forma parcial, las exportaciones de carne vacuna. Disconformidad en la mesa de enlace"},"content":{"rendered":"\n<p>El gobierno nacional anunci\u00f3 la reapertura de las exportaciones de carnes con un cupo de hasta el 50% del volumen mensual promedio exportado en 2020 por cada frigor\u00edfico, de manera de incrementar la oferta dom\u00e9stica y asegurar cortes populares a precios accesibles.<\/p>\n\n\n\n<p>De la misma manera, se avanzar\u00e1 durante los pr\u00f3ximos 30 d\u00edas en el desarrollo de un nuevo Plan Ganadero que tendr\u00e1 como objetivo incrementar la productividad del sector, y cuyos lineamientos principales los present\u00f3 el presidente Alberto Fern\u00e1ndez en una reuni\u00f3n de trabajo que encabez\u00f3 en Casa Rosada con entidades agropecuarias.<\/p>\n\n\n\n<p>Los funcionarios se\u00f1alaron que las medidas responden a que el precio de la carne en el mercado local &#8220;se increment\u00f3 al doble del promedio de los aumentos de los alimentos&#8221; y subrayaron que esas subas &#8220;no tienen justificaci\u00f3n en la variaci\u00f3n de los costos de la cadena de producci\u00f3n&#8221;.<\/p>\n\n\n\n<figure class=\"wp-block-image size-large is-resized\"><img loading=\"lazy\" decoding=\"async\" src=\"https:\/\/www.almargenweb.com.ar\/web\/wp-content\/uploads\/2021\/06\/05-Carnefba8cd89.jpg\" alt=\"\" class=\"wp-image-35276\" width=\"839\" height=\"507\" srcset=\"https:\/\/www.almargenweb.com.ar\/web\/wp-content\/uploads\/2021\/06\/05-Carnefba8cd89.jpg 620w, https:\/\/www.almargenweb.com.ar\/web\/wp-content\/uploads\/2021\/06\/05-Carnefba8cd89-300x181.jpg 300w\" sizes=\"auto, (max-width: 839px) 100vw, 839px\" \/><figcaption>Seg\u00fan los c\u00e1lculos oficiales, esas medidas generar\u00e1n de 20,000 a 30.000 toneladas adicionales para el mercado interno y se espera, por lo tanto, una estabilizaci\u00f3n y baja de algunos precios.<\/figcaption><\/figure>\n\n\n\n<p>El ministro habl\u00f3 de una &#8220;rehabilitaci\u00f3n gradual&#8221; de las exportaciones luego del cierre de 30 d\u00edas que se dio en el \u00faltimo mes y afirm\u00f3 que podr\u00eda haber m\u00e1s flexibilizaciones de constatarse la estabilizaci\u00f3n y la baja en el precio de algunos cortes.<\/p>\n\n\n\n<p>Por otro lado, hasta el 31 de diciembre no se podr\u00e1n vender al exterior medias reses, cuartos con huesos y 7 cortes vacunos: asado, falda, matambre, tapa de asado, cuadrada, paleta y vac\u00edo.<\/p>\n<!-- AddThis Advanced Settings generic via filter on the_content --><!-- AddThis Share Buttons generic via filter on the_content -->","protected":false},"excerpt":{"rendered":"<p>El gobierno nacional anunci\u00f3 la reapertura de las exportaciones de carnes con un cupo de hasta [&hellip;]<!-- AddThis Advanced Settings generic via filter on get_the_excerpt --><!-- AddThis Share Buttons generic via filter on get_the_excerpt --><\/p>\n","protected":false},"author":16,"featured_media":35275,"comment_status":"open","ping_status":"open","sticky":false,"template":"","format":"standard","meta":{"_seopress_robots_primary_cat":"none","_seopress_titles_title":"","_seopress_titles_desc":"","_seopress_robots_index":"","_themeisle_gutenberg_block_has_review":false,"footnotes":""},"categories":[2,5,140,9],"tags":[],"class_list":["post-35273","post","type-post","status-publish","format-standard","has-post-thumbnail","hentry","category-actualidad","category-economia","category-nacionales","category-politica"],"_links":{"self":[{"href":"https:\/\/www.almargenweb.com.ar\/web\/wp-json\/wp\/v2\/posts\/35273","targetHints":{"allow":["GET"]}}],"collection":[{"href":"https:\/\/www.almargenweb.com.ar\/web\/wp-json\/wp\/v2\/posts"}],"about":[{"href":"https:\/\/www.almargenweb.com.ar\/web\/wp-json\/wp\/v2\/types\/post"}],"author":[{"embeddable":true,"href":"https:\/\/www.almargenweb.com.ar\/web\/wp-json\/wp\/v2\/users\/16"}],"replies":[{"embeddable":true,"href":"https:\/\/www.almargenweb.com.ar\/web\/wp-json\/wp\/v2\/comments?post=35273"}],"version-history":[{"count":1,"href":"https:\/\/www.almargenweb.com.ar\/web\/wp-json\/wp\/v2\/posts\/35273\/revisions"}],"predecessor-version":[{"id":35277,"href":"https:\/\/www.almargenweb.com.ar\/web\/wp-json\/wp\/v2\/posts\/35273\/revisions\/35277"}],"wp:featuredmedia":[{"embeddable":true,"href":"https:\/\/www.almargenweb.com.ar\/web\/wp-json\/wp\/v2\/media\/35275"}],"wp:attachment":[{"href":"https:\/\/www.almargenweb.com.ar\/web\/wp-json\/wp\/v2\/media?parent=35273"}],"wp:term":[{"taxonomy":"category","embeddable":true,"href":"https:\/\/www.almargenweb.com.ar\/web\/wp-json\/wp\/v2\/categories?post=35273"},{"taxonomy":"post_tag","embeddable":true,"href":"https:\/\/www.almargenweb.com.ar\/web\/wp-json\/wp\/v2\/tags?post=35273"}],"curies":[{"name":"wp","href":"https:\/\/api.w.org\/{rel}","templated":true}]}}