{"id":35255,"date":"2021-06-21T09:39:43","date_gmt":"2021-06-21T12:39:43","guid":{"rendered":"http:\/\/www.almargenweb.com.ar\/web\/?p=35255"},"modified":"2021-06-21T09:39:43","modified_gmt":"2021-06-21T12:39:43","slug":"un-ensayo-clinico-proporciona-resultados-alentadores-sobre-el-uso-de-la-ivermectina-en-pacientes-con-covid-19-leve","status":"publish","type":"post","link":"https:\/\/www.almargenweb.com.ar\/web\/un-ensayo-clinico-proporciona-resultados-alentadores-sobre-el-uso-de-la-ivermectina-en-pacientes-con-covid-19-leve\/","title":{"rendered":"Un ensayo cl\u00ednico proporciona resultados alentadores sobre el uso de la ivermectina en pacientes con COVID-19 leve"},"content":{"rendered":"\n<p>La Organizaci\u00f3n Mundial de la Salud asegur\u00f3 este mi\u00e9rcoles que la evidencia actual sobre el uso de ivermectina para tratar pacientes con COVID-19 no es concluyente, y que hasta que se disponga de m\u00e1s datos recomienda que el f\u00e1rmaco solo se utilice en ensayos cl\u00ednicos.<\/p>\n\n\n\n<p>La recomendaci\u00f3n, que se aplica a pacientes con COVID-19 de cualquier gravedad de la enfermedad, ahora forma parte de las pautas de la Organizaci\u00f3n sobre tratamientos contra el coronavirus.<\/p>\n\n\n\n<p>La ivermectina es un agente antiparasitario de amplio espectro, incluido en la lista de medicamentos esenciales de la Organizaci\u00f3n Mundial de la Salud para varias enfermedades parasitarias. Se utiliza en el tratamiento de la oncocercosis (ceguera de los r\u00edos), estrongiloidiasis y otras enfermedades causadas por helmintiasis transmitidas por el suelo. Tambi\u00e9n se usa para tratar la sarna.<\/p>\n\n\n\n<p>El equipo investigador administr\u00f3 una sola dosis de ivermectina o placebo a 24 pacientes con infecci\u00f3n confirmada y s\u00edntomas moderados, en las 72 horas tras los primeros s\u00edntomas.<\/p>\n\n\n\n<p>Se tomaron frotis nasofar\u00edngeos y muestras de sangre en el momento del reclutamiento y transcurridas una, dos y\/o tres semanas del tratamiento.<\/p>\n\n\n\n<figure class=\"wp-block-image size-large\"><img loading=\"lazy\" decoding=\"async\" width=\"1024\" height=\"464\" src=\"https:\/\/www.almargenweb.com.ar\/web\/wp-content\/uploads\/2021\/06\/image1170x530cropped-1024x464.jpg\" alt=\"\" class=\"wp-image-35258\" srcset=\"https:\/\/www.almargenweb.com.ar\/web\/wp-content\/uploads\/2021\/06\/image1170x530cropped-1024x464.jpg 1024w, https:\/\/www.almargenweb.com.ar\/web\/wp-content\/uploads\/2021\/06\/image1170x530cropped-300x136.jpg 300w, https:\/\/www.almargenweb.com.ar\/web\/wp-content\/uploads\/2021\/06\/image1170x530cropped-768x348.jpg 768w, https:\/\/www.almargenweb.com.ar\/web\/wp-content\/uploads\/2021\/06\/image1170x530cropped.jpg 1170w\" sizes=\"auto, (max-width: 1024px) 100vw, 1024px\" \/><figcaption>El equipo cient\u00edfico observ\u00f3 una tendencia a la reducci\u00f3n en la carga viral y en la duraci\u00f3n de algunos s\u00edntomas en pacientes tratados, comparado con el grupo placebo.<\/figcaption><\/figure>\n\n\n\n<p>La carga viral mediana en el grupo tratado con ivermectina fue menor (unas 3 veces menor transcurridos cuatro d\u00edas y hasta 18 veces menor a los 7 d\u00edas del tratamiento), aunque no se alcanz\u00f3 una diferencia estad\u00edsticamente significativa.<\/p>\n\n\n\n<p>Los pacientes en el grupo tratado tambi\u00e9n mostraron una reducci\u00f3n en la duraci\u00f3n de algunos s\u00edntomas (del 50% en la p\u00e9rdida del olfato y el gusto y del 30% en la tos). Todos los pacientes desarrollaron anticuerpos IgG frente al virus pero, de nuevo, el valor medio de dichos anticuerpos en el grupo tratado fue menor que en el grupo placebo.<\/p>\n\n\n\n<p>El hecho de que no hubo diferencias en la duraci\u00f3n de s\u00edntomas o marcadores asociados a la inflamaci\u00f3n sugiere que la ivermectina puede estar actuando por medio de otro mecanismo que no tiene que ver con un posible efecto antinflamatorio.<\/p>\n<!-- AddThis Advanced Settings generic via filter on the_content --><!-- AddThis Share Buttons generic via filter on the_content -->","protected":false},"excerpt":{"rendered":"<p>La Organizaci\u00f3n Mundial de la Salud asegur\u00f3 este mi\u00e9rcoles que la evidencia actual sobre el uso [&hellip;]<!-- AddThis Advanced Settings generic via filter on get_the_excerpt --><!-- AddThis Share Buttons generic via filter on get_the_excerpt --><\/p>\n","protected":false},"author":16,"featured_media":35257,"comment_status":"open","ping_status":"open","sticky":false,"template":"","format":"standard","meta":{"_seopress_robots_primary_cat":"none","_seopress_titles_title":"","_seopress_titles_desc":"","_seopress_robots_index":"","_themeisle_gutenberg_block_has_review":false,"footnotes":""},"categories":[2,15],"tags":[],"class_list":["post-35255","post","type-post","status-publish","format-standard","has-post-thumbnail","hentry","category-actualidad","category-salud"],"_links":{"self":[{"href":"https:\/\/www.almargenweb.com.ar\/web\/wp-json\/wp\/v2\/posts\/35255","targetHints":{"allow":["GET"]}}],"collection":[{"href":"https:\/\/www.almargenweb.com.ar\/web\/wp-json\/wp\/v2\/posts"}],"about":[{"href":"https:\/\/www.almargenweb.com.ar\/web\/wp-json\/wp\/v2\/types\/post"}],"author":[{"embeddable":true,"href":"https:\/\/www.almargenweb.com.ar\/web\/wp-json\/wp\/v2\/users\/16"}],"replies":[{"embeddable":true,"href":"https:\/\/www.almargenweb.com.ar\/web\/wp-json\/wp\/v2\/comments?post=35255"}],"version-history":[{"count":1,"href":"https:\/\/www.almargenweb.com.ar\/web\/wp-json\/wp\/v2\/posts\/35255\/revisions"}],"predecessor-version":[{"id":35259,"href":"https:\/\/www.almargenweb.com.ar\/web\/wp-json\/wp\/v2\/posts\/35255\/revisions\/35259"}],"wp:featuredmedia":[{"embeddable":true,"href":"https:\/\/www.almargenweb.com.ar\/web\/wp-json\/wp\/v2\/media\/35257"}],"wp:attachment":[{"href":"https:\/\/www.almargenweb.com.ar\/web\/wp-json\/wp\/v2\/media?parent=35255"}],"wp:term":[{"taxonomy":"category","embeddable":true,"href":"https:\/\/www.almargenweb.com.ar\/web\/wp-json\/wp\/v2\/categories?post=35255"},{"taxonomy":"post_tag","embeddable":true,"href":"https:\/\/www.almargenweb.com.ar\/web\/wp-json\/wp\/v2\/tags?post=35255"}],"curies":[{"name":"wp","href":"https:\/\/api.w.org\/{rel}","templated":true}]}}