{"id":35237,"date":"2021-06-18T10:46:30","date_gmt":"2021-06-18T13:46:30","guid":{"rendered":"http:\/\/www.almargenweb.com.ar\/web\/?p=35237"},"modified":"2021-06-18T10:46:31","modified_gmt":"2021-06-18T13:46:31","slug":"jimena-senn-solicito-la-creacion-de-un-centro-de-documentacion-rapida-para-esperanza","status":"publish","type":"post","link":"https:\/\/www.almargenweb.com.ar\/web\/jimena-senn-solicito-la-creacion-de-un-centro-de-documentacion-rapida-para-esperanza\/","title":{"rendered":"Jimena Senn solicit\u00f3 la creaci\u00f3n de un Centro de Documentaci\u00f3n R\u00e1pida para Esperanza"},"content":{"rendered":"\n<h2 class=\"wp-block-heading\">\u201cReclamamos que se implemente un sistema adecuado a las necesidades y tiempos de los ciudadanos\u201d, dijo la diputada provincial.<\/h2>\n\n\n\n<p>La diputada provincial, Jimena Senn, solicit\u00f3 al gobierno provincial la instalaci\u00f3n de un Centro de Documentaci\u00f3n R\u00e1pida para tr\u00e1mites de DNI y Pasaportes en el Registro Civil de la localidad de Esperanza.<\/p>\n\n\n\n<p>Este sistema de documentaci\u00f3n r\u00e1pida brindar\u00e1 agilidad en la atenci\u00f3n y permitir\u00e1 poder obtener en el d\u00eda el documento y pasaporte tramitado.<\/p>\n\n\n\n<p>Al respecto, Senn expres\u00f3 que \u201cdebemos aprovechar las nuevas tecnolog\u00edas que permiten realizar estos tr\u00e1mites de manera r\u00e1pida, segura y en la localidad donde reside el ciudadano y, as\u00ed, evitar los largos y tediosos procedimientos que hist\u00f3ricamente deb\u00edan realizarse personalmente en la capital provincial, con largas esperas, tanto para ser atendidos como para recibir, luego, la documentaci\u00f3n\u201d<\/p>\n\n\n\n<p>\u201cActualmente en la ciudad de Esperanza se puede realizar el tr\u00e1mite del Documento Nacional de Identidad y Pasaporte, pero no bajo la modalidad implementada por el Centro de Documentaci\u00f3n R\u00e1pida. Es por eso que reclamamos que se implemente un sistema adecuado a las necesidades y tiempos de los ciudadanos\u201d, a\u00f1adi\u00f3 la diputada provincial.<\/p>\n<!-- AddThis Advanced Settings generic via filter on the_content --><!-- AddThis Share Buttons generic via filter on the_content -->","protected":false},"excerpt":{"rendered":"<p>\u201cReclamamos que se implemente un sistema adecuado a las necesidades y tiempos de los ciudadanos\u201d, dijo [&hellip;]<!-- AddThis Advanced Settings generic via filter on get_the_excerpt --><!-- AddThis Share Buttons generic via filter on get_the_excerpt --><\/p>\n","protected":false},"author":16,"featured_media":35239,"comment_status":"open","ping_status":"open","sticky":false,"template":"","format":"standard","meta":{"_seopress_robots_primary_cat":"none","_seopress_titles_title":"","_seopress_titles_desc":"","_seopress_robots_index":"","_themeisle_gutenberg_block_has_review":false,"footnotes":""},"categories":[2,21,47,9],"tags":[],"class_list":["post-35237","post","type-post","status-publish","format-standard","has-post-thumbnail","hentry","category-actualidad","category-las-colonias","category-locales","category-politica"],"_links":{"self":[{"href":"https:\/\/www.almargenweb.com.ar\/web\/wp-json\/wp\/v2\/posts\/35237","targetHints":{"allow":["GET"]}}],"collection":[{"href":"https:\/\/www.almargenweb.com.ar\/web\/wp-json\/wp\/v2\/posts"}],"about":[{"href":"https:\/\/www.almargenweb.com.ar\/web\/wp-json\/wp\/v2\/types\/post"}],"author":[{"embeddable":true,"href":"https:\/\/www.almargenweb.com.ar\/web\/wp-json\/wp\/v2\/users\/16"}],"replies":[{"embeddable":true,"href":"https:\/\/www.almargenweb.com.ar\/web\/wp-json\/wp\/v2\/comments?post=35237"}],"version-history":[{"count":1,"href":"https:\/\/www.almargenweb.com.ar\/web\/wp-json\/wp\/v2\/posts\/35237\/revisions"}],"predecessor-version":[{"id":35240,"href":"https:\/\/www.almargenweb.com.ar\/web\/wp-json\/wp\/v2\/posts\/35237\/revisions\/35240"}],"wp:featuredmedia":[{"embeddable":true,"href":"https:\/\/www.almargenweb.com.ar\/web\/wp-json\/wp\/v2\/media\/35239"}],"wp:attachment":[{"href":"https:\/\/www.almargenweb.com.ar\/web\/wp-json\/wp\/v2\/media?parent=35237"}],"wp:term":[{"taxonomy":"category","embeddable":true,"href":"https:\/\/www.almargenweb.com.ar\/web\/wp-json\/wp\/v2\/categories?post=35237"},{"taxonomy":"post_tag","embeddable":true,"href":"https:\/\/www.almargenweb.com.ar\/web\/wp-json\/wp\/v2\/tags?post=35237"}],"curies":[{"name":"wp","href":"https:\/\/api.w.org\/{rel}","templated":true}]}}