{"id":35216,"date":"2021-06-16T11:09:45","date_gmt":"2021-06-16T14:09:45","guid":{"rendered":"http:\/\/www.almargenweb.com.ar\/web\/?p=35216"},"modified":"2021-06-16T11:09:45","modified_gmt":"2021-06-16T14:09:45","slug":"que-significa-la-advertencia-violeta-emitida-por-el-servicio-meteorologico","status":"publish","type":"post","link":"https:\/\/www.almargenweb.com.ar\/web\/que-significa-la-advertencia-violeta-emitida-por-el-servicio-meteorologico\/","title":{"rendered":"Que significa la &#8220;Advertencia Violeta&#8221; emitida por el Servicio Meteorol\u00f3gico?"},"content":{"rendered":"\n<p>El departamento La Capital, junto a Garay y San Jer\u00f3nimo, est\u00e1n bajo advertencia violeta por bajas temperaturas, de acuerdo al reporte emitido por el Servicio Meteorol\u00f3gico Nacional, este mi\u00e9rcoles a las 06:02.<\/p>\n\n\n\n<p>Esta advertencia barca a Entre R\u00edos, C\u00f3rdoba, La Pampa y zonas de Buenos Aires, Santa Fe, Corrientes y otras provincias.<\/p>\n\n\n\n<p>El Servicio Meteorol\u00f3gico Nacional precis\u00f3 que la advertencia violeta significa que \u201cse esperan fen\u00f3menos que pueden presentar inconvenientes o dificultades en el normal desenvolvimiento de la vida social\u201d.<\/p>\n\n\n\n<p>Se espera que los valores de temperatura m\u00ednimas est\u00e9n entre los -2\u00b0C y los 5\u00b0C, mientras que las temperaturas m\u00e1ximas oscilar\u00e1n entre los 6\u00b0C y 13\u00b0C\u201d.<br>El organismo alert\u00f3 que se espera que \u201cestas condiciones persistan al menos hasta el viernes 18 de junio&#8221;.<\/p>\n<!-- AddThis Advanced Settings generic via filter on the_content --><!-- AddThis Share Buttons generic via filter on the_content -->","protected":false},"excerpt":{"rendered":"<p>El departamento La Capital, junto a Garay y San Jer\u00f3nimo, est\u00e1n bajo advertencia violeta por bajas [&hellip;]<!-- AddThis Advanced Settings generic via filter on get_the_excerpt --><!-- AddThis Share Buttons generic via filter on get_the_excerpt --><\/p>\n","protected":false},"author":16,"featured_media":35218,"comment_status":"open","ping_status":"open","sticky":false,"template":"","format":"standard","meta":{"_seopress_robots_primary_cat":"none","_seopress_titles_title":"","_seopress_titles_desc":"","_seopress_robots_index":"","_themeisle_gutenberg_block_has_review":false,"footnotes":""},"categories":[2],"tags":[],"class_list":["post-35216","post","type-post","status-publish","format-standard","has-post-thumbnail","hentry","category-actualidad"],"_links":{"self":[{"href":"https:\/\/www.almargenweb.com.ar\/web\/wp-json\/wp\/v2\/posts\/35216","targetHints":{"allow":["GET"]}}],"collection":[{"href":"https:\/\/www.almargenweb.com.ar\/web\/wp-json\/wp\/v2\/posts"}],"about":[{"href":"https:\/\/www.almargenweb.com.ar\/web\/wp-json\/wp\/v2\/types\/post"}],"author":[{"embeddable":true,"href":"https:\/\/www.almargenweb.com.ar\/web\/wp-json\/wp\/v2\/users\/16"}],"replies":[{"embeddable":true,"href":"https:\/\/www.almargenweb.com.ar\/web\/wp-json\/wp\/v2\/comments?post=35216"}],"version-history":[{"count":2,"href":"https:\/\/www.almargenweb.com.ar\/web\/wp-json\/wp\/v2\/posts\/35216\/revisions"}],"predecessor-version":[{"id":35220,"href":"https:\/\/www.almargenweb.com.ar\/web\/wp-json\/wp\/v2\/posts\/35216\/revisions\/35220"}],"wp:featuredmedia":[{"embeddable":true,"href":"https:\/\/www.almargenweb.com.ar\/web\/wp-json\/wp\/v2\/media\/35218"}],"wp:attachment":[{"href":"https:\/\/www.almargenweb.com.ar\/web\/wp-json\/wp\/v2\/media?parent=35216"}],"wp:term":[{"taxonomy":"category","embeddable":true,"href":"https:\/\/www.almargenweb.com.ar\/web\/wp-json\/wp\/v2\/categories?post=35216"},{"taxonomy":"post_tag","embeddable":true,"href":"https:\/\/www.almargenweb.com.ar\/web\/wp-json\/wp\/v2\/tags?post=35216"}],"curies":[{"name":"wp","href":"https:\/\/api.w.org\/{rel}","templated":true}]}}