{"id":35202,"date":"2021-06-16T10:07:39","date_gmt":"2021-06-16T13:07:39","guid":{"rendered":"http:\/\/www.almargenweb.com.ar\/web\/?p=35202"},"modified":"2021-06-16T10:07:40","modified_gmt":"2021-06-16T13:07:40","slug":"san-carlos-sud-continua-ampliando-su-centro-de-salud-selma-karst","status":"publish","type":"post","link":"https:\/\/www.almargenweb.com.ar\/web\/san-carlos-sud-continua-ampliando-su-centro-de-salud-selma-karst\/","title":{"rendered":"San Carlos Sud continua ampliando su centro de salud &#8220;Selma Karst&#8221;"},"content":{"rendered":"\n<p>Esta semana personal comunal contin\u00faa con las obras de ampliaci\u00f3n del edificio del Centro de Salud \u201cSelma K\u00e4rst\u201d. Se trata de la construcci\u00f3n de tres consultorios y un sal\u00f3n de usos m\u00faltiples que se suman al edificio original inaugurado en el a\u00f1o 2015.<\/p>\n\n\n\n<p>Santiago Walker, presidente comunal, agradecio el &#8220;trabajo conjunto entre la Comuna de San Carlos Sud, el equipo m\u00e9dico y el Consejo de Administraci\u00f3n del SAMCo local, se est\u00e1 llevando a cabo este proyecto.&#8221;<\/p>\n\n\n\n<p>Walker explico que &#8220;se trata de la construcci\u00f3n de tres consultorios y un sal\u00f3n de usos m\u00faltiples que se suman al edificio original inaugurado en el a\u00f1o 2015\u201d<\/p>\n\n\n\n<p><\/p>\n\n\n\n<p><\/p>\n<!-- AddThis Advanced Settings generic via filter on the_content --><!-- AddThis Share Buttons generic via filter on the_content -->","protected":false},"excerpt":{"rendered":"<p>Esta semana personal comunal contin\u00faa con las obras de ampliaci\u00f3n del edificio del Centro de Salud [&hellip;]<!-- AddThis Advanced Settings generic via filter on get_the_excerpt --><!-- AddThis Share Buttons generic via filter on get_the_excerpt --><\/p>\n","protected":false},"author":16,"featured_media":35204,"comment_status":"open","ping_status":"open","sticky":false,"template":"","format":"standard","meta":{"_seopress_robots_primary_cat":"none","_seopress_titles_title":"","_seopress_titles_desc":"","_seopress_robots_index":"","_themeisle_gutenberg_block_has_review":false,"footnotes":""},"categories":[2,21,24,9,15],"tags":[],"class_list":["post-35202","post","type-post","status-publish","format-standard","has-post-thumbnail","hentry","category-actualidad","category-las-colonias","category-obras-publicas","category-politica","category-salud"],"_links":{"self":[{"href":"https:\/\/www.almargenweb.com.ar\/web\/wp-json\/wp\/v2\/posts\/35202","targetHints":{"allow":["GET"]}}],"collection":[{"href":"https:\/\/www.almargenweb.com.ar\/web\/wp-json\/wp\/v2\/posts"}],"about":[{"href":"https:\/\/www.almargenweb.com.ar\/web\/wp-json\/wp\/v2\/types\/post"}],"author":[{"embeddable":true,"href":"https:\/\/www.almargenweb.com.ar\/web\/wp-json\/wp\/v2\/users\/16"}],"replies":[{"embeddable":true,"href":"https:\/\/www.almargenweb.com.ar\/web\/wp-json\/wp\/v2\/comments?post=35202"}],"version-history":[{"count":1,"href":"https:\/\/www.almargenweb.com.ar\/web\/wp-json\/wp\/v2\/posts\/35202\/revisions"}],"predecessor-version":[{"id":35205,"href":"https:\/\/www.almargenweb.com.ar\/web\/wp-json\/wp\/v2\/posts\/35202\/revisions\/35205"}],"wp:featuredmedia":[{"embeddable":true,"href":"https:\/\/www.almargenweb.com.ar\/web\/wp-json\/wp\/v2\/media\/35204"}],"wp:attachment":[{"href":"https:\/\/www.almargenweb.com.ar\/web\/wp-json\/wp\/v2\/media?parent=35202"}],"wp:term":[{"taxonomy":"category","embeddable":true,"href":"https:\/\/www.almargenweb.com.ar\/web\/wp-json\/wp\/v2\/categories?post=35202"},{"taxonomy":"post_tag","embeddable":true,"href":"https:\/\/www.almargenweb.com.ar\/web\/wp-json\/wp\/v2\/tags?post=35202"}],"curies":[{"name":"wp","href":"https:\/\/api.w.org\/{rel}","templated":true}]}}