{"id":35198,"date":"2021-06-16T09:45:42","date_gmt":"2021-06-16T12:45:42","guid":{"rendered":"http:\/\/www.almargenweb.com.ar\/web\/?p=35198"},"modified":"2021-06-16T09:45:43","modified_gmt":"2021-06-16T12:45:43","slug":"en-grutly-continuan-los-trabajos-en-la-ciclovia-a-la-vera-de-la-ruta-n-68","status":"publish","type":"post","link":"https:\/\/www.almargenweb.com.ar\/web\/en-grutly-continuan-los-trabajos-en-la-ciclovia-a-la-vera-de-la-ruta-n-68\/","title":{"rendered":"En Grutly contin\u00faan los trabajos en la ciclovia, a la vera de la Ruta N.68"},"content":{"rendered":"\n<p>El plan que lleva adelante la Comuna de Grutly, se enmarca en el Programa de Infraestructura para la Seguridad vial. Se busca un ordenamiento del transito y una circulaci\u00f3n segura, tanto para veh\u00edculos motorizados, asi como para los peatones y ciclistas que elijen desplazarse  por este medio.<\/p>\n\n\n\n<p>Las autoridades comunales aseguran que esta obra es &#8220;importante para todos los glutenses, ya que su \u00fanica finalidad es el orden en el transito priorizando la seguridad tanto de la persona que desean desarrollarse, haciendo actividad f\u00edsica, en contacto con la naturaleza, y tambi\u00e9n aquel que se desplaza en veh\u00edculos de mayor porte&#8221;.<\/p>\n\n\n\n<p>La ciclovia finalizada, tendr\u00e1 casi 900 mtrs y esta ubicada a la vera de la Ruta Numero 68-S<\/p>\n<!-- AddThis Advanced Settings generic via filter on the_content --><!-- AddThis Share Buttons generic via filter on the_content -->","protected":false},"excerpt":{"rendered":"<p>El plan que lleva adelante la Comuna de Grutly, se enmarca en el Programa de Infraestructura [&hellip;]<!-- AddThis Advanced Settings generic via filter on get_the_excerpt --><!-- AddThis Share Buttons generic via filter on get_the_excerpt --><\/p>\n","protected":false},"author":16,"featured_media":35200,"comment_status":"open","ping_status":"open","sticky":false,"template":"","format":"standard","meta":{"_seopress_robots_primary_cat":"none","_seopress_titles_title":"","_seopress_titles_desc":"","_seopress_robots_index":"","_themeisle_gutenberg_block_has_review":false,"footnotes":""},"categories":[2,20,230,21,9],"tags":[],"class_list":["post-35198","post","type-post","status-publish","format-standard","has-post-thumbnail","hentry","category-actualidad","category-departamentales","category-deportes","category-las-colonias","category-politica"],"_links":{"self":[{"href":"https:\/\/www.almargenweb.com.ar\/web\/wp-json\/wp\/v2\/posts\/35198","targetHints":{"allow":["GET"]}}],"collection":[{"href":"https:\/\/www.almargenweb.com.ar\/web\/wp-json\/wp\/v2\/posts"}],"about":[{"href":"https:\/\/www.almargenweb.com.ar\/web\/wp-json\/wp\/v2\/types\/post"}],"author":[{"embeddable":true,"href":"https:\/\/www.almargenweb.com.ar\/web\/wp-json\/wp\/v2\/users\/16"}],"replies":[{"embeddable":true,"href":"https:\/\/www.almargenweb.com.ar\/web\/wp-json\/wp\/v2\/comments?post=35198"}],"version-history":[{"count":1,"href":"https:\/\/www.almargenweb.com.ar\/web\/wp-json\/wp\/v2\/posts\/35198\/revisions"}],"predecessor-version":[{"id":35201,"href":"https:\/\/www.almargenweb.com.ar\/web\/wp-json\/wp\/v2\/posts\/35198\/revisions\/35201"}],"wp:featuredmedia":[{"embeddable":true,"href":"https:\/\/www.almargenweb.com.ar\/web\/wp-json\/wp\/v2\/media\/35200"}],"wp:attachment":[{"href":"https:\/\/www.almargenweb.com.ar\/web\/wp-json\/wp\/v2\/media?parent=35198"}],"wp:term":[{"taxonomy":"category","embeddable":true,"href":"https:\/\/www.almargenweb.com.ar\/web\/wp-json\/wp\/v2\/categories?post=35198"},{"taxonomy":"post_tag","embeddable":true,"href":"https:\/\/www.almargenweb.com.ar\/web\/wp-json\/wp\/v2\/tags?post=35198"}],"curies":[{"name":"wp","href":"https:\/\/api.w.org\/{rel}","templated":true}]}}