{"id":35104,"date":"2021-06-08T14:01:12","date_gmt":"2021-06-08T17:01:12","guid":{"rendered":"http:\/\/www.almargenweb.com.ar\/web\/?p=35104"},"modified":"2021-06-08T14:01:14","modified_gmt":"2021-06-08T17:01:14","slug":"descubren-que-el-covid-19-es-una-enfermedad-vascular-y-no-respiratoria","status":"publish","type":"post","link":"https:\/\/www.almargenweb.com.ar\/web\/descubren-que-el-covid-19-es-una-enfermedad-vascular-y-no-respiratoria\/","title":{"rendered":"Descubren que el Covid-19 es una enfermedad vascular y no respiratoria"},"content":{"rendered":"\n<p>Mientras la segunda ola del Covid-19 en el mundo no se detiene, nuevos estudios sobre el comportamiento del coronavirus demostraron que es una enfermedad vascular y no respiratoria, como siempre se crey\u00f3.<\/p>\n\n\n\n<p>Esto fue confirmado por expertos del Instituto Salk de Estado Unidos, quienes encontraron que las prote\u00ednas espiga del virus (que ayudan a infectar a la persona al adherirse a las c\u00e9lulas sanas) &#8220;da\u00f1an y atacan el sistema vascular a nivel celular&#8221;.<\/p>\n\n\n\n<p>Adem\u00e1s agregaron que eso explicar\u00eda la amplia variedad de &#8220;complicaciones inconexas&#8221; que provoca el SARS-CoV-2 y ayudar\u00eda a encontrar terapias m\u00e1s efectivas.<\/p>\n\n\n\n<p>Mucha gente piensa que es una enfermedad respiratoria, pero en realidad es una enfermedad vascular. Eso podr\u00eda explicar por qu\u00e9 algunas personas tienen accidentes cerebrovasculares y por qu\u00e9 otras tienen problemas en otras partes del cuerpo. El punto en com\u00fan entre ellos es que todas estas complicaciones tienen una base vascular.<\/p>\n\n\n\n<p><\/p>\n<!-- AddThis Advanced Settings generic via filter on the_content --><!-- AddThis Share Buttons generic via filter on the_content -->","protected":false},"excerpt":{"rendered":"<p>Mientras la segunda ola del Covid-19 en el mundo no se detiene, nuevos estudios sobre el [&hellip;]<!-- AddThis Advanced Settings generic via filter on get_the_excerpt --><!-- AddThis Share Buttons generic via filter on get_the_excerpt --><\/p>\n","protected":false},"author":16,"featured_media":35106,"comment_status":"open","ping_status":"open","sticky":false,"template":"","format":"standard","meta":{"_seopress_robots_primary_cat":"none","_seopress_titles_title":"","_seopress_titles_desc":"","_seopress_robots_index":"","_themeisle_gutenberg_block_has_review":false,"footnotes":""},"categories":[2,164,15],"tags":[],"class_list":["post-35104","post","type-post","status-publish","format-standard","has-post-thumbnail","hentry","category-actualidad","category-ambiente","category-salud"],"_links":{"self":[{"href":"https:\/\/www.almargenweb.com.ar\/web\/wp-json\/wp\/v2\/posts\/35104","targetHints":{"allow":["GET"]}}],"collection":[{"href":"https:\/\/www.almargenweb.com.ar\/web\/wp-json\/wp\/v2\/posts"}],"about":[{"href":"https:\/\/www.almargenweb.com.ar\/web\/wp-json\/wp\/v2\/types\/post"}],"author":[{"embeddable":true,"href":"https:\/\/www.almargenweb.com.ar\/web\/wp-json\/wp\/v2\/users\/16"}],"replies":[{"embeddable":true,"href":"https:\/\/www.almargenweb.com.ar\/web\/wp-json\/wp\/v2\/comments?post=35104"}],"version-history":[{"count":1,"href":"https:\/\/www.almargenweb.com.ar\/web\/wp-json\/wp\/v2\/posts\/35104\/revisions"}],"predecessor-version":[{"id":35107,"href":"https:\/\/www.almargenweb.com.ar\/web\/wp-json\/wp\/v2\/posts\/35104\/revisions\/35107"}],"wp:featuredmedia":[{"embeddable":true,"href":"https:\/\/www.almargenweb.com.ar\/web\/wp-json\/wp\/v2\/media\/35106"}],"wp:attachment":[{"href":"https:\/\/www.almargenweb.com.ar\/web\/wp-json\/wp\/v2\/media?parent=35104"}],"wp:term":[{"taxonomy":"category","embeddable":true,"href":"https:\/\/www.almargenweb.com.ar\/web\/wp-json\/wp\/v2\/categories?post=35104"},{"taxonomy":"post_tag","embeddable":true,"href":"https:\/\/www.almargenweb.com.ar\/web\/wp-json\/wp\/v2\/tags?post=35104"}],"curies":[{"name":"wp","href":"https:\/\/api.w.org\/{rel}","templated":true}]}}