{"id":35091,"date":"2021-06-07T09:39:54","date_gmt":"2021-06-07T12:39:54","guid":{"rendered":"http:\/\/www.almargenweb.com.ar\/web\/?p=35091"},"modified":"2021-06-07T10:05:26","modified_gmt":"2021-06-07T13:05:26","slug":"tres-dias-de-aglomeraciones-en-la-via-publica-son-un-acelerador-de-contagios-de-covid-19","status":"publish","type":"post","link":"https:\/\/www.almargenweb.com.ar\/web\/tres-dias-de-aglomeraciones-en-la-via-publica-son-un-acelerador-de-contagios-de-covid-19\/","title":{"rendered":"Tres d\u00edas de aglomeraciones en la v\u00eda p\u00fablica:, son &#8220;un acelerador de contagios de covid-19&#8221;"},"content":{"rendered":"\n<p>Santa Fe es una de las provincias con numeros rojos a la hs de hablar de la ocupacion de camas criticas, en los hospitales de toda la provincia. Por decreto provincial, el Gobernador Perotti, firmo la acatacion al DNU de Alberto Fernandez. Volver a face 1 significaba para la ciudad de SantaFe, un inrtento desesperado en frenar los contagios diarios.<\/p>\n\n\n\n<p>Eso nunca sucedio, y los contagios por covid19 fueron en aumento. No paso una semana del intento fallido de volver y respetar, la fase 1 de confinamiento, que tres dias de festejos y aglomeraciones en la v\u00eda publica, en honor al campeonato obtenido, en buena ley por el Club Colon, planteo una grave situacion sanitaria.<\/p>\n\n\n\n<p>Esta situaci\u00f3n, com\u00fanmente llamada por los epidemi\u00f3logos como &#8220;eventos supercontagiadores&#8221;, ser\u00e1n un acelerador de los casos de COVID-19 en la capital provincial y en todos los sitios donde se reprodujeron los festejos sin distanciamiento ni protocolos evidentes.<\/p>\n\n\n\n<p>Lo que vimos en estos tres d\u00edas de festejos y despreocupaci\u00f3n sanitaria, actuar\u00e1 como un acelerador en la presentaci\u00f3n de m\u00e1s n\u00fameros de casos, que seguir\u00e1 impactando negativamente en los pr\u00f3ximos d\u00edas en los sistemas de salud; hoy totalmente estresados y trabajando con el m\u00e1ximo de su capacidad operativa.<\/p>\n<!-- AddThis Advanced Settings generic via filter on the_content --><!-- AddThis Share Buttons generic via filter on the_content -->","protected":false},"excerpt":{"rendered":"<p>Santa Fe es una de las provincias con numeros rojos a la hs de hablar de [&hellip;]<!-- AddThis Advanced Settings generic via filter on get_the_excerpt --><!-- AddThis Share Buttons generic via filter on get_the_excerpt --><\/p>\n","protected":false},"author":16,"featured_media":35093,"comment_status":"open","ping_status":"open","sticky":false,"template":"","format":"standard","meta":{"_seopress_robots_primary_cat":"none","_seopress_titles_title":"","_seopress_titles_desc":"","_seopress_robots_index":"","_themeisle_gutenberg_block_has_review":false,"footnotes":""},"categories":[2,230,19,9,15],"tags":[],"class_list":["post-35091","post","type-post","status-publish","format-standard","has-post-thumbnail","hentry","category-actualidad","category-deportes","category-educacion","category-politica","category-salud"],"_links":{"self":[{"href":"https:\/\/www.almargenweb.com.ar\/web\/wp-json\/wp\/v2\/posts\/35091","targetHints":{"allow":["GET"]}}],"collection":[{"href":"https:\/\/www.almargenweb.com.ar\/web\/wp-json\/wp\/v2\/posts"}],"about":[{"href":"https:\/\/www.almargenweb.com.ar\/web\/wp-json\/wp\/v2\/types\/post"}],"author":[{"embeddable":true,"href":"https:\/\/www.almargenweb.com.ar\/web\/wp-json\/wp\/v2\/users\/16"}],"replies":[{"embeddable":true,"href":"https:\/\/www.almargenweb.com.ar\/web\/wp-json\/wp\/v2\/comments?post=35091"}],"version-history":[{"count":2,"href":"https:\/\/www.almargenweb.com.ar\/web\/wp-json\/wp\/v2\/posts\/35091\/revisions"}],"predecessor-version":[{"id":35095,"href":"https:\/\/www.almargenweb.com.ar\/web\/wp-json\/wp\/v2\/posts\/35091\/revisions\/35095"}],"wp:featuredmedia":[{"embeddable":true,"href":"https:\/\/www.almargenweb.com.ar\/web\/wp-json\/wp\/v2\/media\/35093"}],"wp:attachment":[{"href":"https:\/\/www.almargenweb.com.ar\/web\/wp-json\/wp\/v2\/media?parent=35091"}],"wp:term":[{"taxonomy":"category","embeddable":true,"href":"https:\/\/www.almargenweb.com.ar\/web\/wp-json\/wp\/v2\/categories?post=35091"},{"taxonomy":"post_tag","embeddable":true,"href":"https:\/\/www.almargenweb.com.ar\/web\/wp-json\/wp\/v2\/tags?post=35091"}],"curies":[{"name":"wp","href":"https:\/\/api.w.org\/{rel}","templated":true}]}}