{"id":35066,"date":"2021-06-02T15:18:43","date_gmt":"2021-06-02T18:18:43","guid":{"rendered":"http:\/\/www.almargenweb.com.ar\/web\/?p=35066"},"modified":"2021-06-02T15:18:44","modified_gmt":"2021-06-02T18:18:44","slug":"dia-nacional-del-perro-por-que-no-es-aconsejable-humanizarlos","status":"publish","type":"post","link":"https:\/\/www.almargenweb.com.ar\/web\/dia-nacional-del-perro-por-que-no-es-aconsejable-humanizarlos\/","title":{"rendered":"D\u00eda Nacional del Perro, \u00bfpor qu\u00e9 no es aconsejable humanizarlos?"},"content":{"rendered":"\n<p>En un principio, el perro tuvo un prop\u00f3sito, serv\u00eda para cazar. A lo largo de este proceso de domesticaci\u00f3n, despu\u00e9s se dio paso a la utilidad del perro en el trabajo y eso lo fue llevando a un proceso de convivencia mucho m\u00e1s cercana.<\/p>\n\n\n\n<p>Es muy primigenio la relacion exitente entre el perro y la caza, este vinculo hizo que el hombre de las cavernas \u00abhumanizara\u00bb al ser vivo que lo ayudaba en la tarea de traer alimento al hogar.<\/p>\n\n\n\n<p>Sin embargo, esta practica se hizo fuerte en sociedades con econom\u00edas mas desarrolladas, inclusive de mayor evoluci\u00f3n en el cuidado y trato animal.<\/p>\n\n\n\n<p>Esto quiere decir que tambi\u00e9n, se cuida el bienestar animal de vacunos, cerdos, aves y a toda clase de animal que sea criado con fines productivos.<\/p>\n\n\n\n<p>No hay dudas de que las mascotas son seres muy especiales para nosotros y es importante brindarles cuidado y cari\u00f1o, pero no significa que debamos considerarlos pares.<\/p>\n\n\n\n<figure class=\"wp-block-image size-large\"><img loading=\"lazy\" decoding=\"async\" width=\"992\" height=\"558\" src=\"https:\/\/www.almargenweb.com.ar\/web\/wp-content\/uploads\/2021\/06\/RRCL7VMYBNFLVMHKBO6ULBFGJM-1.jpg\" alt=\"\" class=\"wp-image-35068\" srcset=\"https:\/\/www.almargenweb.com.ar\/web\/wp-content\/uploads\/2021\/06\/RRCL7VMYBNFLVMHKBO6ULBFGJM-1.jpg 992w, https:\/\/www.almargenweb.com.ar\/web\/wp-content\/uploads\/2021\/06\/RRCL7VMYBNFLVMHKBO6ULBFGJM-1-300x169.jpg 300w, https:\/\/www.almargenweb.com.ar\/web\/wp-content\/uploads\/2021\/06\/RRCL7VMYBNFLVMHKBO6ULBFGJM-1-768x432.jpg 768w\" sizes=\"auto, (max-width: 992px) 100vw, 992px\" \/><figcaption>Los \u00abcanes de trabajo\u00bb, como se los llaman a los animales que son entrenados con una finalidad social. Los perros particularmente, son utilizados por su capacidad olfativa.<\/figcaption><\/figure>\n\n\n\n<p>Pero entonces, \u00bfpor qu\u00e9 tenemos esa necesidad de todo querer volverlo humano? En un intento por responder esto, son varias la teor\u00edas que soci\u00f3logos y etologos caninos, plantean . Todas apuntan al ser de compa\u00f1\u00eda maleable y manso y fiel a su criador, que todos necesitamos; una conexi\u00f3n directa con nuestro costado mas sensible y primitivo a la vez.<\/p>\n<!-- AddThis Advanced Settings generic via filter on the_content --><!-- AddThis Share Buttons generic via filter on the_content -->","protected":false},"excerpt":{"rendered":"<p>En un principio, el perro tuvo un prop\u00f3sito, serv\u00eda para cazar. A lo largo de este [&hellip;]<!-- AddThis Advanced Settings generic via filter on get_the_excerpt --><!-- AddThis Share Buttons generic via filter on get_the_excerpt --><\/p>\n","protected":false},"author":16,"featured_media":35062,"comment_status":"open","ping_status":"open","sticky":false,"template":"","format":"standard","meta":{"_seopress_robots_primary_cat":"none","_seopress_titles_title":"","_seopress_titles_desc":"","_seopress_robots_index":"","_themeisle_gutenberg_block_has_review":false,"footnotes":""},"categories":[2,19,15],"tags":[],"class_list":["post-35066","post","type-post","status-publish","format-standard","has-post-thumbnail","hentry","category-actualidad","category-educacion","category-salud"],"_links":{"self":[{"href":"https:\/\/www.almargenweb.com.ar\/web\/wp-json\/wp\/v2\/posts\/35066","targetHints":{"allow":["GET"]}}],"collection":[{"href":"https:\/\/www.almargenweb.com.ar\/web\/wp-json\/wp\/v2\/posts"}],"about":[{"href":"https:\/\/www.almargenweb.com.ar\/web\/wp-json\/wp\/v2\/types\/post"}],"author":[{"embeddable":true,"href":"https:\/\/www.almargenweb.com.ar\/web\/wp-json\/wp\/v2\/users\/16"}],"replies":[{"embeddable":true,"href":"https:\/\/www.almargenweb.com.ar\/web\/wp-json\/wp\/v2\/comments?post=35066"}],"version-history":[{"count":1,"href":"https:\/\/www.almargenweb.com.ar\/web\/wp-json\/wp\/v2\/posts\/35066\/revisions"}],"predecessor-version":[{"id":35069,"href":"https:\/\/www.almargenweb.com.ar\/web\/wp-json\/wp\/v2\/posts\/35066\/revisions\/35069"}],"wp:featuredmedia":[{"embeddable":true,"href":"https:\/\/www.almargenweb.com.ar\/web\/wp-json\/wp\/v2\/media\/35062"}],"wp:attachment":[{"href":"https:\/\/www.almargenweb.com.ar\/web\/wp-json\/wp\/v2\/media?parent=35066"}],"wp:term":[{"taxonomy":"category","embeddable":true,"href":"https:\/\/www.almargenweb.com.ar\/web\/wp-json\/wp\/v2\/categories?post=35066"},{"taxonomy":"post_tag","embeddable":true,"href":"https:\/\/www.almargenweb.com.ar\/web\/wp-json\/wp\/v2\/tags?post=35066"}],"curies":[{"name":"wp","href":"https:\/\/api.w.org\/{rel}","templated":true}]}}