{"id":35033,"date":"2021-06-01T09:31:46","date_gmt":"2021-06-01T12:31:46","guid":{"rendered":"http:\/\/www.almargenweb.com.ar\/web\/?p=35033"},"modified":"2021-06-01T09:31:47","modified_gmt":"2021-06-01T12:31:47","slug":"argentina-volvera-a-exportar-carne-aviar-a-la-union-europea","status":"publish","type":"post","link":"https:\/\/www.almargenweb.com.ar\/web\/argentina-volvera-a-exportar-carne-aviar-a-la-union-europea\/","title":{"rendered":"Argentina volver\u00e1 a exportar carne aviar a la Uni\u00f3n Europea"},"content":{"rendered":"\n<p>La Uni\u00f3n Europea (UE) aprob\u00f3 el ingreso nuevamente de carne aviar producida en Argentina, luego de que el Servicio Nacional de Sanidad y Calidad Agroalimentaria (Senasa) realizara medidas correctivas en el sistema de sanidad y certificaci\u00f3n de carnes y productos aviares.<\/p>\n\n\n\n<p>Las exportaciones se encontraban inactivas desde el 13 de marzo pasado, cuando el Senasa decidi\u00f3 autosuspender los env\u00edos hasta el 31 de mayo para corregir las falencias en laboratorio y vigilancia pasiva detectadas por una auditor\u00eda de la UE en 2019.<\/p>\n\n\n\n<p>En los \u00faltimos meses hubo distintas reuniones de los equipos t\u00e9cnicos de la DG-Sante de la UE y del Senasa para realizar el seguimiento de las mejoras en el sistema de vigilancia pasiva, trabajadas en el 2020 e implementadas en el 2021 y consideradas satisfactorias por la Uni\u00f3n Europea.<\/p>\n<!-- AddThis Advanced Settings generic via filter on the_content --><!-- AddThis Share Buttons generic via filter on the_content -->","protected":false},"excerpt":{"rendered":"<p>La Uni\u00f3n Europea (UE) aprob\u00f3 el ingreso nuevamente de carne aviar producida en Argentina, luego de [&hellip;]<!-- AddThis Advanced Settings generic via filter on get_the_excerpt --><!-- AddThis Share Buttons generic via filter on get_the_excerpt --><\/p>\n","protected":false},"author":16,"featured_media":35035,"comment_status":"open","ping_status":"open","sticky":false,"template":"","format":"standard","meta":{"_seopress_robots_primary_cat":"none","_seopress_titles_title":"","_seopress_titles_desc":"","_seopress_robots_index":"","_themeisle_gutenberg_block_has_review":false,"footnotes":""},"categories":[2,5,9,15],"tags":[],"class_list":["post-35033","post","type-post","status-publish","format-standard","has-post-thumbnail","hentry","category-actualidad","category-economia","category-politica","category-salud"],"_links":{"self":[{"href":"https:\/\/www.almargenweb.com.ar\/web\/wp-json\/wp\/v2\/posts\/35033","targetHints":{"allow":["GET"]}}],"collection":[{"href":"https:\/\/www.almargenweb.com.ar\/web\/wp-json\/wp\/v2\/posts"}],"about":[{"href":"https:\/\/www.almargenweb.com.ar\/web\/wp-json\/wp\/v2\/types\/post"}],"author":[{"embeddable":true,"href":"https:\/\/www.almargenweb.com.ar\/web\/wp-json\/wp\/v2\/users\/16"}],"replies":[{"embeddable":true,"href":"https:\/\/www.almargenweb.com.ar\/web\/wp-json\/wp\/v2\/comments?post=35033"}],"version-history":[{"count":1,"href":"https:\/\/www.almargenweb.com.ar\/web\/wp-json\/wp\/v2\/posts\/35033\/revisions"}],"predecessor-version":[{"id":35036,"href":"https:\/\/www.almargenweb.com.ar\/web\/wp-json\/wp\/v2\/posts\/35033\/revisions\/35036"}],"wp:featuredmedia":[{"embeddable":true,"href":"https:\/\/www.almargenweb.com.ar\/web\/wp-json\/wp\/v2\/media\/35035"}],"wp:attachment":[{"href":"https:\/\/www.almargenweb.com.ar\/web\/wp-json\/wp\/v2\/media?parent=35033"}],"wp:term":[{"taxonomy":"category","embeddable":true,"href":"https:\/\/www.almargenweb.com.ar\/web\/wp-json\/wp\/v2\/categories?post=35033"},{"taxonomy":"post_tag","embeddable":true,"href":"https:\/\/www.almargenweb.com.ar\/web\/wp-json\/wp\/v2\/tags?post=35033"}],"curies":[{"name":"wp","href":"https:\/\/api.w.org\/{rel}","templated":true}]}}