{"id":35017,"date":"2021-05-31T14:53:43","date_gmt":"2021-05-31T17:53:43","guid":{"rendered":"http:\/\/www.almargenweb.com.ar\/web\/?p=35017"},"modified":"2021-05-31T14:58:02","modified_gmt":"2021-05-31T17:58:02","slug":"ucr-esperanza-organiza-colecta-de-abrigos-para-ayudar-a-sectores-vulnerables-de-nuestra-ciudad","status":"publish","type":"post","link":"https:\/\/www.almargenweb.com.ar\/web\/ucr-esperanza-organiza-colecta-de-abrigos-para-ayudar-a-sectores-vulnerables-de-nuestra-ciudad\/","title":{"rendered":"UCR Esperanza, organiza colecta de abrigos para ayudar a sectores vulnerables de nuestra ciudad"},"content":{"rendered":"\n<p>La llegada del fr\u00edo hace sentir el m\u00e1ximo rigor sobre sectores con mayor vulnerabilidad social. Desde UCR, Comit\u00e9 Esperanza, lanzaron una campa\u00f1a para conseguir prendas de abrigo y frazadas con el objetivo de ayudar a gente carenciada, un sector cada vez mas amplio en nuestra ciudad. <\/p>\n\n\n\n<p>El objetivo de la campa\u00f1a es recolectar la mayor cantidad posible de abrigos, en buen<br>estado, para ayudar a muchos ni\u00f1os en esta \u00e9poca de fr\u00edo, que sirven como anticipo al duro invierno que tenemos por delante.<\/p>\n\n\n\n<figure class=\"wp-block-image size-large\"><img loading=\"lazy\" decoding=\"async\" width=\"982\" height=\"551\" src=\"https:\/\/www.almargenweb.com.ar\/web\/wp-content\/uploads\/2021\/05\/multimedia.normal.ab86263ce9d5d0b5.61627269676f5f6e6f726d616c2e6a7067.jpg\" alt=\"\" class=\"wp-image-35023\" srcset=\"https:\/\/www.almargenweb.com.ar\/web\/wp-content\/uploads\/2021\/05\/multimedia.normal.ab86263ce9d5d0b5.61627269676f5f6e6f726d616c2e6a7067.jpg 982w, https:\/\/www.almargenweb.com.ar\/web\/wp-content\/uploads\/2021\/05\/multimedia.normal.ab86263ce9d5d0b5.61627269676f5f6e6f726d616c2e6a7067-300x168.jpg 300w, https:\/\/www.almargenweb.com.ar\/web\/wp-content\/uploads\/2021\/05\/multimedia.normal.ab86263ce9d5d0b5.61627269676f5f6e6f726d616c2e6a7067-768x431.jpg 768w\" sizes=\"auto, (max-width: 982px) 100vw, 982px\" \/><figcaption>Es importante que las prendas donadas est\u00e9n limpias y en buenas condiciones. <\/figcaption><\/figure>\n\n\n\n<p>Gisela Mierke, desde UCR Esperanza, nos cuenta sobre la importancia que la ropa est\u00e9 sana y limpia; &#8220;Recibimos todo tipo de ropa: buzos, remeras,pantalones, medias, frazadas, ropa de ni\u00f1o y beb\u00e9&#8221; Un pedido especial los calzados de ni\u00f1o y beb\u00e9, de talle 0 a 34.<\/p>\n\n\n\n<p>Los interesados en participar podr\u00e1n llamar o enviar un Wapp a los tel\u00e9fonos anunciados en los volantes, tambi\u00e9n comunic\u00e1ndose con las redes sociales <a href=\"https:\/\/www.facebook.com\/ucresperanza.comitealdotessio\">https:\/\/www.facebook.com\/ucresperanza.comitealdotessio<\/a>  y <a href=\"https:\/\/www.instagram.com\/comite_ucr_esperanza\/\">https:\/\/www.instagram.com\/comite_ucr_esperanza\/<\/a><\/p>\n\n\n\n<figure class=\"wp-block-image size-large\"><img loading=\"lazy\" decoding=\"async\" width=\"1024\" height=\"1024\" src=\"https:\/\/www.almargenweb.com.ar\/web\/wp-content\/uploads\/2021\/05\/UCR-Campana-Abrigate-2021-01-1024x1024.png\" alt=\"\" class=\"wp-image-35021\" srcset=\"https:\/\/www.almargenweb.com.ar\/web\/wp-content\/uploads\/2021\/05\/UCR-Campana-Abrigate-2021-01-1024x1024.png 1024w, https:\/\/www.almargenweb.com.ar\/web\/wp-content\/uploads\/2021\/05\/UCR-Campana-Abrigate-2021-01-300x300.png 300w, https:\/\/www.almargenweb.com.ar\/web\/wp-content\/uploads\/2021\/05\/UCR-Campana-Abrigate-2021-01-150x150.png 150w, https:\/\/www.almargenweb.com.ar\/web\/wp-content\/uploads\/2021\/05\/UCR-Campana-Abrigate-2021-01-768x767.png 768w, https:\/\/www.almargenweb.com.ar\/web\/wp-content\/uploads\/2021\/05\/UCR-Campana-Abrigate-2021-01.png 1081w\" sizes=\"auto, (max-width: 1024px) 100vw, 1024px\" \/><figcaption>Los interesados pueden enviar mensaje de texto, wapp, llamadas o bien por redes sociales.<\/figcaption><\/figure>\n\n\n\n<p><\/p>\n<!-- AddThis Advanced Settings generic via filter on the_content --><!-- AddThis Share Buttons generic via filter on the_content -->","protected":false},"excerpt":{"rendered":"<p>La llegada del fr\u00edo hace sentir el m\u00e1ximo rigor sobre sectores con mayor vulnerabilidad social. Desde [&hellip;]<!-- AddThis Advanced Settings generic via filter on get_the_excerpt --><!-- AddThis Share Buttons generic via filter on get_the_excerpt --><\/p>\n","protected":false},"author":16,"featured_media":35020,"comment_status":"open","ping_status":"open","sticky":false,"template":"","format":"standard","meta":{"_seopress_robots_primary_cat":"none","_seopress_titles_title":"","_seopress_titles_desc":"","_seopress_robots_index":"","_themeisle_gutenberg_block_has_review":false,"footnotes":""},"categories":[2,164,47,15],"tags":[],"class_list":["post-35017","post","type-post","status-publish","format-standard","has-post-thumbnail","hentry","category-actualidad","category-ambiente","category-locales","category-salud"],"_links":{"self":[{"href":"https:\/\/www.almargenweb.com.ar\/web\/wp-json\/wp\/v2\/posts\/35017","targetHints":{"allow":["GET"]}}],"collection":[{"href":"https:\/\/www.almargenweb.com.ar\/web\/wp-json\/wp\/v2\/posts"}],"about":[{"href":"https:\/\/www.almargenweb.com.ar\/web\/wp-json\/wp\/v2\/types\/post"}],"author":[{"embeddable":true,"href":"https:\/\/www.almargenweb.com.ar\/web\/wp-json\/wp\/v2\/users\/16"}],"replies":[{"embeddable":true,"href":"https:\/\/www.almargenweb.com.ar\/web\/wp-json\/wp\/v2\/comments?post=35017"}],"version-history":[{"count":3,"href":"https:\/\/www.almargenweb.com.ar\/web\/wp-json\/wp\/v2\/posts\/35017\/revisions"}],"predecessor-version":[{"id":35027,"href":"https:\/\/www.almargenweb.com.ar\/web\/wp-json\/wp\/v2\/posts\/35017\/revisions\/35027"}],"wp:featuredmedia":[{"embeddable":true,"href":"https:\/\/www.almargenweb.com.ar\/web\/wp-json\/wp\/v2\/media\/35020"}],"wp:attachment":[{"href":"https:\/\/www.almargenweb.com.ar\/web\/wp-json\/wp\/v2\/media?parent=35017"}],"wp:term":[{"taxonomy":"category","embeddable":true,"href":"https:\/\/www.almargenweb.com.ar\/web\/wp-json\/wp\/v2\/categories?post=35017"},{"taxonomy":"post_tag","embeddable":true,"href":"https:\/\/www.almargenweb.com.ar\/web\/wp-json\/wp\/v2\/tags?post=35017"}],"curies":[{"name":"wp","href":"https:\/\/api.w.org\/{rel}","templated":true}]}}