{"id":34987,"date":"2021-05-27T10:08:42","date_gmt":"2021-05-27T13:08:42","guid":{"rendered":"http:\/\/www.almargenweb.com.ar\/web\/?p=34987"},"modified":"2021-05-27T10:08:42","modified_gmt":"2021-05-27T13:08:42","slug":"san-carlos-sud-realiza-hisopados-en-el-samco-de-esa-localidad-para-agilizar-los-testeos","status":"publish","type":"post","link":"https:\/\/www.almargenweb.com.ar\/web\/san-carlos-sud-realiza-hisopados-en-el-samco-de-esa-localidad-para-agilizar-los-testeos\/","title":{"rendered":"San Carlos Sud realiza hisopados en el SAMCO de esa localidad, para agilizar los testeos"},"content":{"rendered":"\n<p>Ante un aumento significativo de contagios diarios, por Covid-19, la comuna de la vecina localidad de San Carlos Sud, en conjunto con el SAMCO del pueblo, adquieren el test de antigenos para asi poder realizar la prueba de PCr, de forma r\u00e1pida y segura.<\/p>\n\n\n\n<p>Esta adquisici\u00f3n le permitir\u00e1 a la poblaci\u00f3n de San Carlos Sud, testearse en el SAMCO de su pueblo, sin la necesidad de viajar o recorrer institutos privados capacitados para testear conticuerpos de Covid-19. <\/p>\n\n\n\n<p>Desde la direcci\u00f3n del Samco, advierten que ante cualquier duda e inquietud, dirigirse o llamar al centro medico, para as\u00ed obtener la informaci\u00f3n deseada.<\/p>\n<!-- AddThis Advanced Settings generic via filter on the_content --><!-- AddThis Share Buttons generic via filter on the_content -->","protected":false},"excerpt":{"rendered":"<p>Ante un aumento significativo de contagios diarios, por Covid-19, la comuna de la vecina localidad de [&hellip;]<!-- AddThis Advanced Settings generic via filter on get_the_excerpt --><!-- AddThis Share Buttons generic via filter on get_the_excerpt --><\/p>\n","protected":false},"author":16,"featured_media":34989,"comment_status":"open","ping_status":"open","sticky":false,"template":"","format":"standard","meta":{"_seopress_robots_primary_cat":"none","_seopress_titles_title":"","_seopress_titles_desc":"","_seopress_robots_index":"","_themeisle_gutenberg_block_has_review":false,"footnotes":""},"categories":[20,21,9,15],"tags":[],"class_list":["post-34987","post","type-post","status-publish","format-standard","has-post-thumbnail","hentry","category-departamentales","category-las-colonias","category-politica","category-salud"],"_links":{"self":[{"href":"https:\/\/www.almargenweb.com.ar\/web\/wp-json\/wp\/v2\/posts\/34987","targetHints":{"allow":["GET"]}}],"collection":[{"href":"https:\/\/www.almargenweb.com.ar\/web\/wp-json\/wp\/v2\/posts"}],"about":[{"href":"https:\/\/www.almargenweb.com.ar\/web\/wp-json\/wp\/v2\/types\/post"}],"author":[{"embeddable":true,"href":"https:\/\/www.almargenweb.com.ar\/web\/wp-json\/wp\/v2\/users\/16"}],"replies":[{"embeddable":true,"href":"https:\/\/www.almargenweb.com.ar\/web\/wp-json\/wp\/v2\/comments?post=34987"}],"version-history":[{"count":1,"href":"https:\/\/www.almargenweb.com.ar\/web\/wp-json\/wp\/v2\/posts\/34987\/revisions"}],"predecessor-version":[{"id":34990,"href":"https:\/\/www.almargenweb.com.ar\/web\/wp-json\/wp\/v2\/posts\/34987\/revisions\/34990"}],"wp:featuredmedia":[{"embeddable":true,"href":"https:\/\/www.almargenweb.com.ar\/web\/wp-json\/wp\/v2\/media\/34989"}],"wp:attachment":[{"href":"https:\/\/www.almargenweb.com.ar\/web\/wp-json\/wp\/v2\/media?parent=34987"}],"wp:term":[{"taxonomy":"category","embeddable":true,"href":"https:\/\/www.almargenweb.com.ar\/web\/wp-json\/wp\/v2\/categories?post=34987"},{"taxonomy":"post_tag","embeddable":true,"href":"https:\/\/www.almargenweb.com.ar\/web\/wp-json\/wp\/v2\/tags?post=34987"}],"curies":[{"name":"wp","href":"https:\/\/api.w.org\/{rel}","templated":true}]}}