{"id":34969,"date":"2021-05-26T10:23:29","date_gmt":"2021-05-26T13:23:29","guid":{"rendered":"http:\/\/www.almargenweb.com.ar\/web\/?p=34969"},"modified":"2021-05-26T10:54:40","modified_gmt":"2021-05-26T13:54:40","slug":"esperanza-se-manifesto-frente-al-municipio-por-trabajo-trabajar-es-esencial-para-quien-vive-de-el","status":"publish","type":"post","link":"https:\/\/www.almargenweb.com.ar\/web\/esperanza-se-manifesto-frente-al-municipio-por-trabajo-trabajar-es-esencial-para-quien-vive-de-el\/","title":{"rendered":"Esperanza se manifest\u00f3 frente al Municipio por trabajo &#8220;Trabajar es esencial para qui\u00e9n vive de \u00e9l&#8221;"},"content":{"rendered":"\n<p>Las nuevas medidas de confinamiento y cierre de las llamadas &#8220;actividades no esenciales&#8221;, dispuestas Naci\u00f3n, y al que Esperanza adhiri\u00f3 en respuesta al incremento de casos de coronavirus y colapso salitario, dio motivo suficiente para que una multitud se convocara este 25 de mayo en Plaza San Martin, frente al Municipio, pidiendo rever estas medidas, que afectan la econom\u00eda de la ciudad.<\/p>\n\n\n\n<p>Los vecinos y comerciantes autoconvocados, junto a la Uni\u00f3n de Comerciantes Esperancinos &#8220;UCOES&#8221; y la Sociedad Rural de Las Colonias, cantaron el himno nacional y un peque\u00f1o discurso de los representantes de cada sector; comercial y rural.  <\/p>\n\n\n\n<p>El presidente de UCOES, Diego Baigorria, quien tuvo un encuentro con Meiners, durante la movilizaci\u00f3n pasada, dijo que le parece incre\u00edble  &#8220;que estemos moviliz\u00e1ndonos para pedir que nos dejen trabajar en libertad&#8221;. <\/p>\n\n\n\n<p>En esta suplica por trabajar, \u201cPedimos que nos dejen volver a nuestro trabajo y no estar\u00eda mal que las autoridades lo tengan en cuenta\u201d, opin\u00f3 Baigorria quien acompa\u00f1\u00f3 a los manifestantes en todo momento.<\/p>\n\n\n\n<figure class=\"wp-block-image size-large is-resized\"><img loading=\"lazy\" decoding=\"async\" src=\"https:\/\/www.almargenweb.com.ar\/web\/wp-content\/uploads\/2021\/05\/Screenshot_2021-05-26-10-14-39-172_com.instagram.android-01-1024x1009.jpeg\" alt=\"\" class=\"wp-image-34972\" width=\"674\" height=\"663\" srcset=\"https:\/\/www.almargenweb.com.ar\/web\/wp-content\/uploads\/2021\/05\/Screenshot_2021-05-26-10-14-39-172_com.instagram.android-01-1024x1009.jpeg 1024w, https:\/\/www.almargenweb.com.ar\/web\/wp-content\/uploads\/2021\/05\/Screenshot_2021-05-26-10-14-39-172_com.instagram.android-01-300x296.jpeg 300w, https:\/\/www.almargenweb.com.ar\/web\/wp-content\/uploads\/2021\/05\/Screenshot_2021-05-26-10-14-39-172_com.instagram.android-01-768x757.jpeg 768w, https:\/\/www.almargenweb.com.ar\/web\/wp-content\/uploads\/2021\/05\/Screenshot_2021-05-26-10-14-39-172_com.instagram.android-01.jpeg 1080w\" sizes=\"auto, (max-width: 674px) 100vw, 674px\" \/><figcaption>Representantes de la Sociedad rural y hombres de acaballo, en la masiva movilizaci\u00f3n .<\/figcaption><\/figure>\n\n\n\n<p>Los propietarios de gimnasios, centros recreativos y de comercios, junto a vecinos de a caballo, representados por la Soc. Rural, renovaron el pedido del d\u00eda jueves justamente, cuando en esa improvisada reuni\u00f3n con la intendenta, pedian que &#8220;si alguien tiene que salir a Clausurar un local, no sean los empleados municipales&#8217;.<\/p>\n\n\n\n<p>Hoy es el primer d\u00eda h\u00e1bil laboral, luego de un feriado puente, donde rige un confinamiento absoluto hasta el domingo 30 de mayo. Luego de esta media, el Gobierno baraja alternativas como etapas m\u00e1s duras seguidas por otras de mayor relajaci\u00f3n. Resta esperar si la provincia y Meiners, en Esperanza, acatan las pr\u00f3ximas resoluciones.<\/p>\n\n\n\n<p><em>Fotos gentileza El Esperancino<\/em><\/p>\n<!-- AddThis Advanced Settings generic via filter on the_content --><!-- AddThis Share Buttons generic via filter on the_content -->","protected":false},"excerpt":{"rendered":"<p>Las nuevas medidas de confinamiento y cierre de las llamadas &#8220;actividades no esenciales&#8221;, dispuestas Naci\u00f3n, y [&hellip;]<!-- AddThis Advanced Settings generic via filter on get_the_excerpt --><!-- AddThis Share Buttons generic via filter on get_the_excerpt --><\/p>\n","protected":false},"author":16,"featured_media":34971,"comment_status":"open","ping_status":"open","sticky":false,"template":"","format":"standard","meta":{"_seopress_robots_primary_cat":"none","_seopress_titles_title":"","_seopress_titles_desc":"","_seopress_robots_index":"","_themeisle_gutenberg_block_has_review":false,"footnotes":""},"categories":[2,5,21,47,9,15],"tags":[],"class_list":["post-34969","post","type-post","status-publish","format-standard","has-post-thumbnail","hentry","category-actualidad","category-economia","category-las-colonias","category-locales","category-politica","category-salud"],"_links":{"self":[{"href":"https:\/\/www.almargenweb.com.ar\/web\/wp-json\/wp\/v2\/posts\/34969","targetHints":{"allow":["GET"]}}],"collection":[{"href":"https:\/\/www.almargenweb.com.ar\/web\/wp-json\/wp\/v2\/posts"}],"about":[{"href":"https:\/\/www.almargenweb.com.ar\/web\/wp-json\/wp\/v2\/types\/post"}],"author":[{"embeddable":true,"href":"https:\/\/www.almargenweb.com.ar\/web\/wp-json\/wp\/v2\/users\/16"}],"replies":[{"embeddable":true,"href":"https:\/\/www.almargenweb.com.ar\/web\/wp-json\/wp\/v2\/comments?post=34969"}],"version-history":[{"count":3,"href":"https:\/\/www.almargenweb.com.ar\/web\/wp-json\/wp\/v2\/posts\/34969\/revisions"}],"predecessor-version":[{"id":34976,"href":"https:\/\/www.almargenweb.com.ar\/web\/wp-json\/wp\/v2\/posts\/34969\/revisions\/34976"}],"wp:featuredmedia":[{"embeddable":true,"href":"https:\/\/www.almargenweb.com.ar\/web\/wp-json\/wp\/v2\/media\/34971"}],"wp:attachment":[{"href":"https:\/\/www.almargenweb.com.ar\/web\/wp-json\/wp\/v2\/media?parent=34969"}],"wp:term":[{"taxonomy":"category","embeddable":true,"href":"https:\/\/www.almargenweb.com.ar\/web\/wp-json\/wp\/v2\/categories?post=34969"},{"taxonomy":"post_tag","embeddable":true,"href":"https:\/\/www.almargenweb.com.ar\/web\/wp-json\/wp\/v2\/tags?post=34969"}],"curies":[{"name":"wp","href":"https:\/\/api.w.org\/{rel}","templated":true}]}}