{"id":34933,"date":"2021-05-21T16:09:06","date_gmt":"2021-05-21T19:09:06","guid":{"rendered":"http:\/\/www.almargenweb.com.ar\/web\/?p=34933"},"modified":"2021-05-21T16:09:07","modified_gmt":"2021-05-21T19:09:07","slug":"ni-virtuales-ni-presenciales-la-provincia-suspendio-las-clases-para-los-dias-habiles-de-la-semana-proxima","status":"publish","type":"post","link":"https:\/\/www.almargenweb.com.ar\/web\/ni-virtuales-ni-presenciales-la-provincia-suspendio-las-clases-para-los-dias-habiles-de-la-semana-proxima\/","title":{"rendered":"Ni virtuales ni presenciales; la Provincia suspendi\u00f3 las clases para los d\u00edas h\u00e1biles de la semana pr\u00f3xima"},"content":{"rendered":"\n<p>Esta semana, los gobiernos nacional y provincial anunciaron la profundizaci\u00f3n de las restricciones sociales cuando los contagios de Covid 19 se incrementan y el sistema sanitario provincial entra en jaque.<\/p>\n\n\n\n<p>Las clases virtuales previstas para los d\u00edas h\u00e1biles de la semana que viene \u2013mi\u00e9rcoles jueves y viernes- fueron suspendidas por el gobierno provincial, en el marco de las nuevas restricciones impuestas en el marco de la segunda ola de coronavirus. <\/p>\n\n\n\n<p>Provincia suspendi\u00f3 las clases virtuales para los d\u00edas h\u00e1biles de la semana pr\u00f3xima.<\/p>\n\n\n\n<p>La situaci\u00f3n sanitaria es muy preocupante y se ha visto en los \u00faltimos d\u00edas que aumentaron los casos de coronavirus en la Ciudad.<\/p>\n<!-- AddThis Advanced Settings generic via filter on the_content --><!-- AddThis Share Buttons generic via filter on the_content -->","protected":false},"excerpt":{"rendered":"<p>Esta semana, los gobiernos nacional y provincial anunciaron la profundizaci\u00f3n de las restricciones sociales cuando los [&hellip;]<!-- AddThis Advanced Settings generic via filter on get_the_excerpt --><!-- AddThis Share Buttons generic via filter on get_the_excerpt --><\/p>\n","protected":false},"author":16,"featured_media":34935,"comment_status":"open","ping_status":"open","sticky":false,"template":"","format":"standard","meta":{"_seopress_robots_primary_cat":"none","_seopress_titles_title":"","_seopress_titles_desc":"","_seopress_robots_index":"","_themeisle_gutenberg_block_has_review":false,"footnotes":""},"categories":[2,164,19,15],"tags":[],"class_list":["post-34933","post","type-post","status-publish","format-standard","has-post-thumbnail","hentry","category-actualidad","category-ambiente","category-educacion","category-salud"],"_links":{"self":[{"href":"https:\/\/www.almargenweb.com.ar\/web\/wp-json\/wp\/v2\/posts\/34933","targetHints":{"allow":["GET"]}}],"collection":[{"href":"https:\/\/www.almargenweb.com.ar\/web\/wp-json\/wp\/v2\/posts"}],"about":[{"href":"https:\/\/www.almargenweb.com.ar\/web\/wp-json\/wp\/v2\/types\/post"}],"author":[{"embeddable":true,"href":"https:\/\/www.almargenweb.com.ar\/web\/wp-json\/wp\/v2\/users\/16"}],"replies":[{"embeddable":true,"href":"https:\/\/www.almargenweb.com.ar\/web\/wp-json\/wp\/v2\/comments?post=34933"}],"version-history":[{"count":1,"href":"https:\/\/www.almargenweb.com.ar\/web\/wp-json\/wp\/v2\/posts\/34933\/revisions"}],"predecessor-version":[{"id":34936,"href":"https:\/\/www.almargenweb.com.ar\/web\/wp-json\/wp\/v2\/posts\/34933\/revisions\/34936"}],"wp:featuredmedia":[{"embeddable":true,"href":"https:\/\/www.almargenweb.com.ar\/web\/wp-json\/wp\/v2\/media\/34935"}],"wp:attachment":[{"href":"https:\/\/www.almargenweb.com.ar\/web\/wp-json\/wp\/v2\/media?parent=34933"}],"wp:term":[{"taxonomy":"category","embeddable":true,"href":"https:\/\/www.almargenweb.com.ar\/web\/wp-json\/wp\/v2\/categories?post=34933"},{"taxonomy":"post_tag","embeddable":true,"href":"https:\/\/www.almargenweb.com.ar\/web\/wp-json\/wp\/v2\/tags?post=34933"}],"curies":[{"name":"wp","href":"https:\/\/api.w.org\/{rel}","templated":true}]}}