{"id":34922,"date":"2021-05-20T10:49:07","date_gmt":"2021-05-20T13:49:07","guid":{"rendered":"http:\/\/www.almargenweb.com.ar\/web\/?p=34922"},"modified":"2021-05-20T10:49:08","modified_gmt":"2021-05-20T13:49:08","slug":"humboldt-se-declaro-en-emergencia-sanitaria","status":"publish","type":"post","link":"https:\/\/www.almargenweb.com.ar\/web\/humboldt-se-declaro-en-emergencia-sanitaria\/","title":{"rendered":"Humboldt se declar\u00f3 en emergencia sanitaria"},"content":{"rendered":"\n<p>Como consecuencia del aumento de los contagios, la Comuna de Humboldt, se declar\u00f3 en emergencia sanitaria y decidi\u00f3 suspender las clases presenciales, en todos los niveles hasta el viernes 4 de junio inclusive.<\/p>\n\n\n\n<p>La medida fue adoptada tras un an\u00e1lisis del Ejecutivo con los responsables del sector sanitario local. La resoluci\u00f3n &#8220;extraordinaria&#8221;, de clausurar la presencia de los alumnos en las aulas, tom\u00f3 a muchos por sorpresa, en tanto excedi\u00f3 el decreto de Provincia, que fij\u00f3 la suspensi\u00f3n hasta el 30 de mayo.<\/p>\n\n\n\n<p>La decisi\u00f3n, fue acordada con las instituciones educativas, quienes adhirieron a la necesidad de cortar la circulaci\u00f3n del virus y reducir la circulaci\u00f3n en la comunidad.<\/p>\n\n\n\n<p>Por lo pronto, la comuna no realizar\u00e1 controles en el acceso a la localidad, ni tampoco impondr\u00e1 restricciones de egreso e ingreso, aunque esperan que, con las nuevas prohibiciones, logre disminuir el nivel de contagiosidad en un pueblo donde los casos se han disparado sin parang\u00f3n.<\/p>\n<!-- AddThis Advanced Settings generic via filter on the_content --><!-- AddThis Share Buttons generic via filter on the_content -->","protected":false},"excerpt":{"rendered":"<p>Como consecuencia del aumento de los contagios, la Comuna de Humboldt, se declar\u00f3 en emergencia sanitaria [&hellip;]<!-- AddThis Advanced Settings generic via filter on get_the_excerpt --><!-- AddThis Share Buttons generic via filter on get_the_excerpt --><\/p>\n","protected":false},"author":16,"featured_media":34924,"comment_status":"open","ping_status":"open","sticky":false,"template":"","format":"standard","meta":{"_seopress_robots_primary_cat":"none","_seopress_titles_title":"","_seopress_titles_desc":"","_seopress_robots_index":"","_themeisle_gutenberg_block_has_review":false,"footnotes":""},"categories":[2,19,21,9,15],"tags":[],"class_list":["post-34922","post","type-post","status-publish","format-standard","has-post-thumbnail","hentry","category-actualidad","category-educacion","category-las-colonias","category-politica","category-salud"],"_links":{"self":[{"href":"https:\/\/www.almargenweb.com.ar\/web\/wp-json\/wp\/v2\/posts\/34922","targetHints":{"allow":["GET"]}}],"collection":[{"href":"https:\/\/www.almargenweb.com.ar\/web\/wp-json\/wp\/v2\/posts"}],"about":[{"href":"https:\/\/www.almargenweb.com.ar\/web\/wp-json\/wp\/v2\/types\/post"}],"author":[{"embeddable":true,"href":"https:\/\/www.almargenweb.com.ar\/web\/wp-json\/wp\/v2\/users\/16"}],"replies":[{"embeddable":true,"href":"https:\/\/www.almargenweb.com.ar\/web\/wp-json\/wp\/v2\/comments?post=34922"}],"version-history":[{"count":1,"href":"https:\/\/www.almargenweb.com.ar\/web\/wp-json\/wp\/v2\/posts\/34922\/revisions"}],"predecessor-version":[{"id":34925,"href":"https:\/\/www.almargenweb.com.ar\/web\/wp-json\/wp\/v2\/posts\/34922\/revisions\/34925"}],"wp:featuredmedia":[{"embeddable":true,"href":"https:\/\/www.almargenweb.com.ar\/web\/wp-json\/wp\/v2\/media\/34924"}],"wp:attachment":[{"href":"https:\/\/www.almargenweb.com.ar\/web\/wp-json\/wp\/v2\/media?parent=34922"}],"wp:term":[{"taxonomy":"category","embeddable":true,"href":"https:\/\/www.almargenweb.com.ar\/web\/wp-json\/wp\/v2\/categories?post=34922"},{"taxonomy":"post_tag","embeddable":true,"href":"https:\/\/www.almargenweb.com.ar\/web\/wp-json\/wp\/v2\/tags?post=34922"}],"curies":[{"name":"wp","href":"https:\/\/api.w.org\/{rel}","templated":true}]}}