{"id":34876,"date":"2021-05-13T14:36:14","date_gmt":"2021-05-13T17:36:14","guid":{"rendered":"http:\/\/www.almargenweb.com.ar\/web\/?p=34876"},"modified":"2021-05-13T14:36:15","modified_gmt":"2021-05-13T17:36:15","slug":"localidades-en-san-cristobal-el-senador-michlig-y-el-intendente-rigo-encabezaron-un-acto-de-entrega-de-aportes","status":"publish","type":"post","link":"https:\/\/www.almargenweb.com.ar\/web\/localidades-en-san-cristobal-el-senador-michlig-y-el-intendente-rigo-encabezaron-un-acto-de-entrega-de-aportes\/","title":{"rendered":"Localidades; en San Crist\u00f3bal el Senador Michlig y el Intendente Rigo encabezaron un acto de entrega de aportes"},"content":{"rendered":"\n<p>En el d\u00eda de ayer, en la ciudad de San Crist\u00f3bal, el Senador Felipe Michlig junto a el Intendente Horacio Rigo, encabezaron el acto de entrega aportes de los Programa de Fortalecimiento Institucional de la C\u00e1mara de Senadores a gobiernos locales e instituciones de la regi\u00f3n por un monto total de $ 630.000,00.<\/p>\n\n\n\n<p>Durante el acto desarrollado en el Liceo Municipal \u00c1ngela Peralta Pino, se destac\u00f3 la presencia -adem\u00e1s- del Senador Suplente Edgardo Martino; miembros del PEM, los concejales Carlos Cattaneo (Pte.), Pablo Bonacina y Juan I. Capovilla; los Presidentes Comunales Fabian Abba (Colonia Clara); H\u00e9ctor Barbagia (\u00d1anducita), Miguel A. Barbero (La Lucila); Fernando Nieva (Santurce) y Christian Suanes (Capivara); el Pte. C. Def. Pellegrini, Diego Gatti; por A.S.P.A. Marisa Ib\u00e1\u00f1ez y Laura Galoppo; el Pte. del Club de \u00d1anducita, el Sec. de la Comuna de Santurce N\u00e9stor Cuaglini, medios de comunicaci\u00f3n, entre otros.<\/p>\n<!-- AddThis Advanced Settings generic via filter on the_content --><!-- AddThis Share Buttons generic via filter on the_content -->","protected":false},"excerpt":{"rendered":"<p>En el d\u00eda de ayer, en la ciudad de San Crist\u00f3bal, el Senador Felipe Michlig junto [&hellip;]<!-- AddThis Advanced Settings generic via filter on get_the_excerpt --><!-- AddThis Share Buttons generic via filter on get_the_excerpt --><\/p>\n","protected":false},"author":16,"featured_media":34878,"comment_status":"open","ping_status":"open","sticky":false,"template":"","format":"standard","meta":{"_seopress_robots_primary_cat":"none","_seopress_titles_title":"","_seopress_titles_desc":"","_seopress_robots_index":"","_themeisle_gutenberg_block_has_review":false,"footnotes":""},"categories":[2,164,21,321],"tags":[],"class_list":["post-34876","post","type-post","status-publish","format-standard","has-post-thumbnail","hentry","category-actualidad","category-ambiente","category-las-colonias","category-san-cristobal"],"_links":{"self":[{"href":"https:\/\/www.almargenweb.com.ar\/web\/wp-json\/wp\/v2\/posts\/34876","targetHints":{"allow":["GET"]}}],"collection":[{"href":"https:\/\/www.almargenweb.com.ar\/web\/wp-json\/wp\/v2\/posts"}],"about":[{"href":"https:\/\/www.almargenweb.com.ar\/web\/wp-json\/wp\/v2\/types\/post"}],"author":[{"embeddable":true,"href":"https:\/\/www.almargenweb.com.ar\/web\/wp-json\/wp\/v2\/users\/16"}],"replies":[{"embeddable":true,"href":"https:\/\/www.almargenweb.com.ar\/web\/wp-json\/wp\/v2\/comments?post=34876"}],"version-history":[{"count":1,"href":"https:\/\/www.almargenweb.com.ar\/web\/wp-json\/wp\/v2\/posts\/34876\/revisions"}],"predecessor-version":[{"id":34879,"href":"https:\/\/www.almargenweb.com.ar\/web\/wp-json\/wp\/v2\/posts\/34876\/revisions\/34879"}],"wp:featuredmedia":[{"embeddable":true,"href":"https:\/\/www.almargenweb.com.ar\/web\/wp-json\/wp\/v2\/media\/34878"}],"wp:attachment":[{"href":"https:\/\/www.almargenweb.com.ar\/web\/wp-json\/wp\/v2\/media?parent=34876"}],"wp:term":[{"taxonomy":"category","embeddable":true,"href":"https:\/\/www.almargenweb.com.ar\/web\/wp-json\/wp\/v2\/categories?post=34876"},{"taxonomy":"post_tag","embeddable":true,"href":"https:\/\/www.almargenweb.com.ar\/web\/wp-json\/wp\/v2\/tags?post=34876"}],"curies":[{"name":"wp","href":"https:\/\/api.w.org\/{rel}","templated":true}]}}