{"id":34844,"date":"2021-05-11T08:26:38","date_gmt":"2021-05-11T11:26:38","guid":{"rendered":"http:\/\/www.almargenweb.com.ar\/web\/?p=34844"},"modified":"2021-05-11T08:26:39","modified_gmt":"2021-05-11T11:26:39","slug":"tras-el-rechazo-de-gimnasios-y-clubes-al-cierre-sanitario-analizan-la-actividad-en-espacios-abiertos","status":"publish","type":"post","link":"https:\/\/www.almargenweb.com.ar\/web\/tras-el-rechazo-de-gimnasios-y-clubes-al-cierre-sanitario-analizan-la-actividad-en-espacios-abiertos\/","title":{"rendered":"Tras el rechazo de gimnasios y clubes al cierre sanitario, analizan la actividad en espacios abiertos"},"content":{"rendered":"\n<p>Este lunes al mediod\u00eda el Gobierno provincial analizaba la posibilidad de flexibilizar la medida sanitaria que restringe por 15 d\u00edas la apertura de los gimnasios. As\u00ed lo anticip\u00f3 el ministro de Trabajo, Juan Manuel Pusineri. El funcionario provincial llevaba adelante distintas reuniones previas a recibir a los representantes de los gimnasios para tratar de llegar a un acuerdo.<\/p>\n\n\n\n<p>La propuesta para el sector a\u00fan est\u00e1 en evaluaci\u00f3n. Desde el Gobierno evaluar\u00e1n todas las alternativas. &#8220;No s\u00f3lo la posibilidad de una ayuda econ\u00f3mica sino tambi\u00e9n la posibilidad de que la actividad pueda llegar a desarrollarse en espacios abiertos&#8221;, manifest\u00f3 el ministro.<\/p>\n\n\n\n<figure class=\"wp-block-image size-large\"><img loading=\"lazy\" decoding=\"async\" width=\"992\" height=\"558\" src=\"https:\/\/www.almargenweb.com.ar\/web\/wp-content\/uploads\/2021\/05\/sanitizacion_de_gimnasios.jpg\" alt=\"\" class=\"wp-image-34846\" srcset=\"https:\/\/www.almargenweb.com.ar\/web\/wp-content\/uploads\/2021\/05\/sanitizacion_de_gimnasios.jpg 992w, https:\/\/www.almargenweb.com.ar\/web\/wp-content\/uploads\/2021\/05\/sanitizacion_de_gimnasios-300x169.jpg 300w, https:\/\/www.almargenweb.com.ar\/web\/wp-content\/uploads\/2021\/05\/sanitizacion_de_gimnasios-768x432.jpg 768w\" sizes=\"auto, (max-width: 992px) 100vw, 992px\" \/><figcaption>Los administrativos de gimnasios intensifican los protocolos sanitarios para poder seguir abiertos, pese a la decisi\u00f3n del ministerio de Salud Provincial, de cerrar todos los centros de actividades f\u00edsica. <\/figcaption><\/figure>\n\n\n\n<p>&#8220;Queremos dejar bien en claro que los procedimientos de fiscalizaci\u00f3n, control y las sanciones se van a llevar adelante entre la provincia y los municipios. Todav\u00eda no tenemos un relevamiento, pero entendemos que muchos gimnasios cerraron, porque la gente escucha a las autoridades y no concurre. No todos est\u00e1n en rebeld\u00eda&#8221;, enfatiz\u00f3 Pusineri.<\/p>\n<!-- AddThis Advanced Settings generic via filter on the_content --><!-- AddThis Share Buttons generic via filter on the_content -->","protected":false},"excerpt":{"rendered":"<p>Este lunes al mediod\u00eda el Gobierno provincial analizaba la posibilidad de flexibilizar la medida sanitaria que [&hellip;]<!-- AddThis Advanced Settings generic via filter on get_the_excerpt --><!-- AddThis Share Buttons generic via filter on get_the_excerpt --><\/p>\n","protected":false},"author":16,"featured_media":34847,"comment_status":"open","ping_status":"open","sticky":false,"template":"","format":"standard","meta":{"_seopress_robots_primary_cat":"none","_seopress_titles_title":"","_seopress_titles_desc":"","_seopress_robots_index":"","_themeisle_gutenberg_block_has_review":false,"footnotes":""},"categories":[2,164,9,15],"tags":[],"class_list":["post-34844","post","type-post","status-publish","format-standard","has-post-thumbnail","hentry","category-actualidad","category-ambiente","category-politica","category-salud"],"_links":{"self":[{"href":"https:\/\/www.almargenweb.com.ar\/web\/wp-json\/wp\/v2\/posts\/34844","targetHints":{"allow":["GET"]}}],"collection":[{"href":"https:\/\/www.almargenweb.com.ar\/web\/wp-json\/wp\/v2\/posts"}],"about":[{"href":"https:\/\/www.almargenweb.com.ar\/web\/wp-json\/wp\/v2\/types\/post"}],"author":[{"embeddable":true,"href":"https:\/\/www.almargenweb.com.ar\/web\/wp-json\/wp\/v2\/users\/16"}],"replies":[{"embeddable":true,"href":"https:\/\/www.almargenweb.com.ar\/web\/wp-json\/wp\/v2\/comments?post=34844"}],"version-history":[{"count":1,"href":"https:\/\/www.almargenweb.com.ar\/web\/wp-json\/wp\/v2\/posts\/34844\/revisions"}],"predecessor-version":[{"id":34848,"href":"https:\/\/www.almargenweb.com.ar\/web\/wp-json\/wp\/v2\/posts\/34844\/revisions\/34848"}],"wp:featuredmedia":[{"embeddable":true,"href":"https:\/\/www.almargenweb.com.ar\/web\/wp-json\/wp\/v2\/media\/34847"}],"wp:attachment":[{"href":"https:\/\/www.almargenweb.com.ar\/web\/wp-json\/wp\/v2\/media?parent=34844"}],"wp:term":[{"taxonomy":"category","embeddable":true,"href":"https:\/\/www.almargenweb.com.ar\/web\/wp-json\/wp\/v2\/categories?post=34844"},{"taxonomy":"post_tag","embeddable":true,"href":"https:\/\/www.almargenweb.com.ar\/web\/wp-json\/wp\/v2\/tags?post=34844"}],"curies":[{"name":"wp","href":"https:\/\/api.w.org\/{rel}","templated":true}]}}