{"id":34793,"date":"2021-05-05T10:21:27","date_gmt":"2021-05-05T13:21:27","guid":{"rendered":"http:\/\/www.almargenweb.com.ar\/web\/?p=34793"},"modified":"2021-05-05T10:21:28","modified_gmt":"2021-05-05T13:21:28","slug":"salud-tras-13-meses-de-pandemia-la-oms-admitio-que-el-covid-se-transmite-por-el-aire","status":"publish","type":"post","link":"https:\/\/www.almargenweb.com.ar\/web\/salud-tras-13-meses-de-pandemia-la-oms-admitio-que-el-covid-se-transmite-por-el-aire\/","title":{"rendered":"Salud, tras 13 meses de pandemia, la OMS admiti\u00f3 que el Covid se transmite por el aire"},"content":{"rendered":"\n<p>La Organizaci\u00f3n Mundial de la Salud (OMS) finalmente incorpor\u00f3 a la transmisi\u00f3n por aire del coronavirus como otra de las formas de contagio. Esta era una demanda solicitada a nivel global por especialistas que se\u00f1alan a esa v\u00eda de contagio como la m\u00e1s importante a la hora de contraer la enfermedad.<\/p>\n\n\n\n<p>Al toser, estornudar, hablar, cantar o por la simple acci\u00f3n de respirar \u201cel virus se puede propagar desde la boca o la nariz de una persona infectada a otra en peque\u00f1as part\u00edculas l\u00edquidas\u201d, indic\u00f3 la OMS en su actualizaci\u00f3n del pasado 30 de abril.<\/p>\n\n\n\n<p>Actualmente la evidencia se\u00f1ala que el virus se esparce principalmente entre personas que no cumplen con el distanciamiento f\u00edsico recomendado y, por el contrario, mantienen contactos interpersonales de cercan\u00eda, generalmente dentro de 1 metro.<\/p>\n\n\n\n<figure class=\"wp-block-image size-large is-resized\"><img loading=\"lazy\" decoding=\"async\" src=\"https:\/\/www.almargenweb.com.ar\/web\/wp-content\/uploads\/2021\/05\/Transmision-aerea-virus_1480362243_123499413_667x375.jpg\" alt=\"\" class=\"wp-image-34796\" width=\"833\" height=\"468\" srcset=\"https:\/\/www.almargenweb.com.ar\/web\/wp-content\/uploads\/2021\/05\/Transmision-aerea-virus_1480362243_123499413_667x375.jpg 667w, https:\/\/www.almargenweb.com.ar\/web\/wp-content\/uploads\/2021\/05\/Transmision-aerea-virus_1480362243_123499413_667x375-300x169.jpg 300w\" sizes=\"auto, (max-width: 833px) 100vw, 833px\" \/><figcaption>Al toser, estornudar, hablar, cantar o por la simple acci\u00f3n de respirar \u201cel virus se puede propagar desde la boca o la nariz de una persona infectada a otra en peque\u00f1as part\u00edculas l\u00edquidas\u201d, indic\u00f3 la OMS<\/figcaption><\/figure>\n\n\n\n<p>Otra forma de propagaci\u00f3n del virus SARS-CoV-2 ocurre en ambientes interiores que no est\u00e1n bien ventilados y\/o donde la cantidad de personas es superior al indicado por los profesionales en la materia, para este tipo de lugares.<\/p>\n\n\n\n<p>Otro foco de contagio son las superficies que han sido contaminadas por el virus y que quienes las tocan posteriormente se frotan los ojos o tocan la nariz o boca. De ah\u00ed la recomendaci\u00f3n de los sanitaristas de hacer un contante y adecuando lavado y desinfecci\u00f3n de las manos.<\/p>\n\n\n\n<p><\/p>\n<!-- AddThis Advanced Settings generic via filter on the_content --><!-- AddThis Share Buttons generic via filter on the_content -->","protected":false},"excerpt":{"rendered":"<p>La Organizaci\u00f3n Mundial de la Salud (OMS) finalmente incorpor\u00f3 a la transmisi\u00f3n por aire del coronavirus [&hellip;]<!-- AddThis Advanced Settings generic via filter on get_the_excerpt --><!-- AddThis Share Buttons generic via filter on get_the_excerpt --><\/p>\n","protected":false},"author":16,"featured_media":34795,"comment_status":"open","ping_status":"open","sticky":false,"template":"","format":"standard","meta":{"_seopress_robots_primary_cat":"none","_seopress_titles_title":"","_seopress_titles_desc":"","_seopress_robots_index":"","_themeisle_gutenberg_block_has_review":false,"footnotes":""},"categories":[2,19,15],"tags":[],"class_list":["post-34793","post","type-post","status-publish","format-standard","has-post-thumbnail","hentry","category-actualidad","category-educacion","category-salud"],"_links":{"self":[{"href":"https:\/\/www.almargenweb.com.ar\/web\/wp-json\/wp\/v2\/posts\/34793","targetHints":{"allow":["GET"]}}],"collection":[{"href":"https:\/\/www.almargenweb.com.ar\/web\/wp-json\/wp\/v2\/posts"}],"about":[{"href":"https:\/\/www.almargenweb.com.ar\/web\/wp-json\/wp\/v2\/types\/post"}],"author":[{"embeddable":true,"href":"https:\/\/www.almargenweb.com.ar\/web\/wp-json\/wp\/v2\/users\/16"}],"replies":[{"embeddable":true,"href":"https:\/\/www.almargenweb.com.ar\/web\/wp-json\/wp\/v2\/comments?post=34793"}],"version-history":[{"count":1,"href":"https:\/\/www.almargenweb.com.ar\/web\/wp-json\/wp\/v2\/posts\/34793\/revisions"}],"predecessor-version":[{"id":34797,"href":"https:\/\/www.almargenweb.com.ar\/web\/wp-json\/wp\/v2\/posts\/34793\/revisions\/34797"}],"wp:featuredmedia":[{"embeddable":true,"href":"https:\/\/www.almargenweb.com.ar\/web\/wp-json\/wp\/v2\/media\/34795"}],"wp:attachment":[{"href":"https:\/\/www.almargenweb.com.ar\/web\/wp-json\/wp\/v2\/media?parent=34793"}],"wp:term":[{"taxonomy":"category","embeddable":true,"href":"https:\/\/www.almargenweb.com.ar\/web\/wp-json\/wp\/v2\/categories?post=34793"},{"taxonomy":"post_tag","embeddable":true,"href":"https:\/\/www.almargenweb.com.ar\/web\/wp-json\/wp\/v2\/tags?post=34793"}],"curies":[{"name":"wp","href":"https:\/\/api.w.org\/{rel}","templated":true}]}}