{"id":34789,"date":"2021-05-05T09:46:27","date_gmt":"2021-05-05T12:46:27","guid":{"rendered":"http:\/\/www.almargenweb.com.ar\/web\/?p=34789"},"modified":"2021-05-05T09:46:28","modified_gmt":"2021-05-05T12:46:28","slug":"el-asado-y-las-milanesas-subieron-un-70-desde-comienzo-de-ano","status":"publish","type":"post","link":"https:\/\/www.almargenweb.com.ar\/web\/el-asado-y-las-milanesas-subieron-un-70-desde-comienzo-de-ano\/","title":{"rendered":"El asado y las milanesas, subieron un 70% desde comienzo de a\u00f1o"},"content":{"rendered":"\n<p>El relevamiento fue realizado por el Instituto de Investigaci\u00f3n Social, Econ\u00f3mica y Pol\u00edtica Ciudadana (Isepci), al se\u00f1alar que la carne sigue en lo m\u00e1s alto de los aumentos de precios de abril y que la canasta b\u00e1sica subi\u00f3 3,47% promedio el mes pasado.<\/p>\n\n\n\n<p>El reporte arroj\u00f3 que en los \u00faltimos 4 meses los productos de carnicer\u00eda aumentaron 25%, los de verduler\u00eda un 8% y los de almac\u00e9n casi 15%.<\/p>\n\n\n\n<p>De acuerdo con el Isepci, en abril el kilogramo de asado lleg\u00f3 a los $ 620, la nalga para milanesas a $ 690, la paleta a $ 580, la carne picada a $ 450 y la carnaza a $ 500.<\/p>\n\n\n\n<p>La evaluaci\u00f3n elaborada por los economistas Isaac Rudnik y Juan Fresno, remarc\u00f3 que con esa suba una familia de dos adultos y dos hijos peque\u00f1os necesit\u00f3 en abril $ 25,586 para cubrir los gastos indispensables, mientras en diciembre requer\u00eda $ 21.825, $ 3.760 m\u00e1s.<\/p>\n\n\n\n<p>En marzo \u00faltimo, el Gobierno extendi\u00f3 hasta fines de abril el acuerdo de precios para las carnes con una rebaja del 30%, con el objetivo de frenar la inflaci\u00f3n, y para cumplir el objetivo de cerrar 2021 con un alza no mayor al 36%.<\/p>\n\n\n\n<p>Algunos cortes populares quedar\u00edan congelados a valores de enero en los negocios de cercan\u00eda de los barrios populares, aunque en muchos casos nunca estuvieron presentes sobre los mostradores.<\/p>\n<!-- AddThis Advanced Settings generic via filter on the_content --><!-- AddThis Share Buttons generic via filter on the_content -->","protected":false},"excerpt":{"rendered":"<p>El relevamiento fue realizado por el Instituto de Investigaci\u00f3n Social, Econ\u00f3mica y Pol\u00edtica Ciudadana (Isepci), al [&hellip;]<!-- AddThis Advanced Settings generic via filter on get_the_excerpt --><!-- AddThis Share Buttons generic via filter on get_the_excerpt --><\/p>\n","protected":false},"author":16,"featured_media":34791,"comment_status":"open","ping_status":"open","sticky":false,"template":"","format":"standard","meta":{"_seopress_robots_primary_cat":"none","_seopress_titles_title":"","_seopress_titles_desc":"","_seopress_robots_index":"","_themeisle_gutenberg_block_has_review":false,"footnotes":""},"categories":[2,5,140,9,15],"tags":[],"class_list":["post-34789","post","type-post","status-publish","format-standard","has-post-thumbnail","hentry","category-actualidad","category-economia","category-nacionales","category-politica","category-salud"],"_links":{"self":[{"href":"https:\/\/www.almargenweb.com.ar\/web\/wp-json\/wp\/v2\/posts\/34789","targetHints":{"allow":["GET"]}}],"collection":[{"href":"https:\/\/www.almargenweb.com.ar\/web\/wp-json\/wp\/v2\/posts"}],"about":[{"href":"https:\/\/www.almargenweb.com.ar\/web\/wp-json\/wp\/v2\/types\/post"}],"author":[{"embeddable":true,"href":"https:\/\/www.almargenweb.com.ar\/web\/wp-json\/wp\/v2\/users\/16"}],"replies":[{"embeddable":true,"href":"https:\/\/www.almargenweb.com.ar\/web\/wp-json\/wp\/v2\/comments?post=34789"}],"version-history":[{"count":1,"href":"https:\/\/www.almargenweb.com.ar\/web\/wp-json\/wp\/v2\/posts\/34789\/revisions"}],"predecessor-version":[{"id":34792,"href":"https:\/\/www.almargenweb.com.ar\/web\/wp-json\/wp\/v2\/posts\/34789\/revisions\/34792"}],"wp:featuredmedia":[{"embeddable":true,"href":"https:\/\/www.almargenweb.com.ar\/web\/wp-json\/wp\/v2\/media\/34791"}],"wp:attachment":[{"href":"https:\/\/www.almargenweb.com.ar\/web\/wp-json\/wp\/v2\/media?parent=34789"}],"wp:term":[{"taxonomy":"category","embeddable":true,"href":"https:\/\/www.almargenweb.com.ar\/web\/wp-json\/wp\/v2\/categories?post=34789"},{"taxonomy":"post_tag","embeddable":true,"href":"https:\/\/www.almargenweb.com.ar\/web\/wp-json\/wp\/v2\/tags?post=34789"}],"curies":[{"name":"wp","href":"https:\/\/api.w.org\/{rel}","templated":true}]}}