{"id":34776,"date":"2021-05-04T08:43:57","date_gmt":"2021-05-04T11:43:57","guid":{"rendered":"http:\/\/www.almargenweb.com.ar\/web\/?p=34776"},"modified":"2021-05-04T08:43:58","modified_gmt":"2021-05-04T11:43:58","slug":"exportaciones-la-union-europea-reabre-su-mercado-para-los-citricos-argentinos","status":"publish","type":"post","link":"https:\/\/www.almargenweb.com.ar\/web\/exportaciones-la-union-europea-reabre-su-mercado-para-los-citricos-argentinos\/","title":{"rendered":"Exportaciones: la Uni\u00f3n Europea reabre su mercado para los c\u00edtricos argentinos"},"content":{"rendered":"\n<p>La Uni\u00f3n Europea (UE) confirm\u00f3 la reapertura para el ingreso de los c\u00edtricos argentinos, interrumpida por el bloque en agosto del a\u00f1o pasado, luego de que detectaran en un cargamento de limones algunos casos de la enfermedad denominada &#8220;mancha negra&#8221;.<\/p>\n\n\n\n<p>La UE consider\u00f3 en aquel momento que esas &#8220;intercepciones recurrentes demuestran que las salvaguardas fitosanitarias actualmente vigentes en la Argentina son insuficientes para prevenir la introducci\u00f3n de la plaga especificada en la Uni\u00f3n&#8221;.<\/p>\n\n\n\n<p>En aquel momento, no existi\u00f3 el aval cient\u00edfico de las pruebas de laboratorio y se observ\u00f3 en cambio \u201cun problema m\u00e1s comercial que realmente sanitario&#8221;, como se vio ante los reclamos de productores espa\u00f1oles.<\/p>\n\n\n\n<p>Al momento de la prohibici\u00f3n ya se hab\u00edan realizado m\u00e1s del 80% de las exportaciones de limones hacia la UE y cerca del 50% de los embarques estipulados de naranjas.<\/p>\n<!-- AddThis Advanced Settings generic via filter on the_content --><!-- AddThis Share Buttons generic via filter on the_content -->","protected":false},"excerpt":{"rendered":"<p>La Uni\u00f3n Europea (UE) confirm\u00f3 la reapertura para el ingreso de los c\u00edtricos argentinos, interrumpida por [&hellip;]<!-- AddThis Advanced Settings generic via filter on get_the_excerpt --><!-- AddThis Share Buttons generic via filter on get_the_excerpt --><\/p>\n","protected":false},"author":16,"featured_media":34778,"comment_status":"open","ping_status":"open","sticky":false,"template":"","format":"standard","meta":{"_seopress_robots_primary_cat":"none","_seopress_titles_title":"","_seopress_titles_desc":"","_seopress_robots_index":"","_themeisle_gutenberg_block_has_review":false,"footnotes":""},"categories":[2,5,140,9,15],"tags":[],"class_list":["post-34776","post","type-post","status-publish","format-standard","has-post-thumbnail","hentry","category-actualidad","category-economia","category-nacionales","category-politica","category-salud"],"_links":{"self":[{"href":"https:\/\/www.almargenweb.com.ar\/web\/wp-json\/wp\/v2\/posts\/34776","targetHints":{"allow":["GET"]}}],"collection":[{"href":"https:\/\/www.almargenweb.com.ar\/web\/wp-json\/wp\/v2\/posts"}],"about":[{"href":"https:\/\/www.almargenweb.com.ar\/web\/wp-json\/wp\/v2\/types\/post"}],"author":[{"embeddable":true,"href":"https:\/\/www.almargenweb.com.ar\/web\/wp-json\/wp\/v2\/users\/16"}],"replies":[{"embeddable":true,"href":"https:\/\/www.almargenweb.com.ar\/web\/wp-json\/wp\/v2\/comments?post=34776"}],"version-history":[{"count":1,"href":"https:\/\/www.almargenweb.com.ar\/web\/wp-json\/wp\/v2\/posts\/34776\/revisions"}],"predecessor-version":[{"id":34779,"href":"https:\/\/www.almargenweb.com.ar\/web\/wp-json\/wp\/v2\/posts\/34776\/revisions\/34779"}],"wp:featuredmedia":[{"embeddable":true,"href":"https:\/\/www.almargenweb.com.ar\/web\/wp-json\/wp\/v2\/media\/34778"}],"wp:attachment":[{"href":"https:\/\/www.almargenweb.com.ar\/web\/wp-json\/wp\/v2\/media?parent=34776"}],"wp:term":[{"taxonomy":"category","embeddable":true,"href":"https:\/\/www.almargenweb.com.ar\/web\/wp-json\/wp\/v2\/categories?post=34776"},{"taxonomy":"post_tag","embeddable":true,"href":"https:\/\/www.almargenweb.com.ar\/web\/wp-json\/wp\/v2\/tags?post=34776"}],"curies":[{"name":"wp","href":"https:\/\/api.w.org\/{rel}","templated":true}]}}