{"id":34760,"date":"2021-05-03T08:08:48","date_gmt":"2021-05-03T11:08:48","guid":{"rendered":"http:\/\/www.almargenweb.com.ar\/web\/?p=34760"},"modified":"2021-05-03T08:08:49","modified_gmt":"2021-05-03T11:08:49","slug":"muller-sobre-la-ciclovia-es-momento-de-lograr-un-proyecto-superador-a-traves-del-dialogo-en-el-concejo","status":"publish","type":"post","link":"https:\/\/www.almargenweb.com.ar\/web\/muller-sobre-la-ciclovia-es-momento-de-lograr-un-proyecto-superador-a-traves-del-dialogo-en-el-concejo\/","title":{"rendered":"M\u00fcller sobre la ciclov\u00eda: \u201cEs momento de lograr un proyecto superador a trav\u00e9s del di\u00e1logo en el Concejo\u201d"},"content":{"rendered":"\n<p>El concejal radical, Rodrigo M\u00fcller, valor\u00f3 el resguardo de las obras de Erni Borla sobre la avenida De Los Colonizadores y el hecho de que el ejecutivo municipal haya enviado el proyecto de la intervenci\u00f3n para que sea tratado en el Concejo Municipal. \u201cAhora es momento de lograr un proyecto superador a trav\u00e9s del di\u00e1logo en el Concejo\u201d, expres\u00f3 M\u00fcller.<\/p>\n\n\n\n<p>Al respecto, el concejal a\u00f1adi\u00f3 que \u201cdesde el principio sostuvimos que el proyecto de la ciclov\u00eda deb\u00eda ser tratado y, en consecuencia aprobado, por el Concejo Municipal. El tiempo nos dio la raz\u00f3n ya que la remisi\u00f3n del proyecto por parte del ejecutivo municipal es la prueba de lo que sostuvimos es lo correcto\u201d.<\/p>\n\n\n\n<p>Sobre el tratamiento del proyecto en el Concejo Municipal, el edil expres\u00f3 que \u201cla discusi\u00f3n en comisiones permitir\u00e1 abrir un dialogo que involucre a expertos, instituciones como la Asociaci\u00f3n de Profesionales de la Construcci\u00f3n de Esperanza (APCE), y vecinos para dise\u00f1ar una alternativa superadora\u201d.<\/p>\n\n\n\n<figure class=\"wp-block-image size-large is-resized\"><img loading=\"lazy\" decoding=\"async\" src=\"https:\/\/www.almargenweb.com.ar\/web\/wp-content\/uploads\/2021\/05\/1577636935-1.jpg\" alt=\"\" class=\"wp-image-34764\" width=\"839\" height=\"558\" srcset=\"https:\/\/www.almargenweb.com.ar\/web\/wp-content\/uploads\/2021\/05\/1577636935-1.jpg 600w, https:\/\/www.almargenweb.com.ar\/web\/wp-content\/uploads\/2021\/05\/1577636935-1-300x200.jpg 300w\" sizes=\"auto, (max-width: 839px) 100vw, 839px\" \/><figcaption> \u201cEl resguardo de las obras es un logro fruto del reclamo de la sociedad que pidi\u00f3 que se respeten las instituciones y el patrimonio hist\u00f3rico y cultural de Esperanza\u201d.<\/figcaption><\/figure>\n\n\n\n<p>VIOLACIONES A LA LEY E INCONGRUENCIAS<\/p>\n\n\n\n<p>Por otro lado, el concejal se mostr\u00f3 preocupado por la forma y los antecedentes a nivel municipal si se autoriza este tipo de contrataciones. \u201cLlama la atenci\u00f3n que el PRO junto al Justicialismo rechazaron la posibilidad de que el proyecto sea girado a la Comisi\u00f3n de Presupuesto, Hacienda y Transparencia del Concejo Municipal. A pesar de ello, estoy convencido que el PRO no va a convalidar una violaci\u00f3n abierta de la ley votando con el Justicialismo\u201d.<\/p>\n\n\n\n<p>En el mismo sentido, M\u00fcller solicit\u00f3 respuestas sobre una diferencia de 8 millones de pesos entre el acta compromiso para llevar a cabo la obra y el presupuesto oficial presentado por la municipalidad. \u201cEl acta suscrita por la intendente, Ana Meiners, y la Secretar\u00eda de Obras P\u00fablicas de Naci\u00f3n, que es la que se compromete a financiar el proyecto, es por la suma de $ 18.158.237,35, pudiendo contemplar una variaci\u00f3n de 5% para m\u00e1s o menos, mientras que el presupuesto de obra presentado por la Municipalidad es de $ 26.204.146,02\u201d.<\/p>\n\n\n\n<p>\u201cOtro aspecto que no se puede dejar pasar es que la propuesta de quien realizar\u00e1 la obra (la cooperativa Mayco), fue a cargo de la Municipalidad, lo que representa una diferencia notable de lo que se pregon\u00f3 cuando se dijo que la selecci\u00f3n la hab\u00eda hecho la Secretaria de Obras P\u00fablicas\u201d, mencion\u00f3.<\/p>\n\n\n\n<p>Por \u00faltimo, M\u00fcller ratific\u00f3 que \u201cnuestra visi\u00f3n de Esperanza en la postpandemia incluye la movilidad sustentable, pero partiendo de las experiencias nacionales e internacionales, donde las ciclov\u00edas no utilizan una avenida, y existe una separaci\u00f3n de los canales viales por donde circulan los autom\u00f3viles y las bicicletas\u201d.<\/p>\n<!-- AddThis Advanced Settings generic via filter on the_content --><!-- AddThis Share Buttons generic via filter on the_content -->","protected":false},"excerpt":{"rendered":"<p>El concejal radical, Rodrigo M\u00fcller, valor\u00f3 el resguardo de las obras de Erni Borla sobre la [&hellip;]<!-- AddThis Advanced Settings generic via filter on get_the_excerpt --><!-- AddThis Share Buttons generic via filter on get_the_excerpt --><\/p>\n","protected":false},"author":16,"featured_media":34762,"comment_status":"open","ping_status":"open","sticky":false,"template":"","format":"standard","meta":{"_seopress_robots_primary_cat":"none","_seopress_titles_title":"","_seopress_titles_desc":"","_seopress_robots_index":"","_themeisle_gutenberg_block_has_review":false,"footnotes":""},"categories":[2,164,20,21,47,9],"tags":[],"class_list":["post-34760","post","type-post","status-publish","format-standard","has-post-thumbnail","hentry","category-actualidad","category-ambiente","category-departamentales","category-las-colonias","category-locales","category-politica"],"_links":{"self":[{"href":"https:\/\/www.almargenweb.com.ar\/web\/wp-json\/wp\/v2\/posts\/34760","targetHints":{"allow":["GET"]}}],"collection":[{"href":"https:\/\/www.almargenweb.com.ar\/web\/wp-json\/wp\/v2\/posts"}],"about":[{"href":"https:\/\/www.almargenweb.com.ar\/web\/wp-json\/wp\/v2\/types\/post"}],"author":[{"embeddable":true,"href":"https:\/\/www.almargenweb.com.ar\/web\/wp-json\/wp\/v2\/users\/16"}],"replies":[{"embeddable":true,"href":"https:\/\/www.almargenweb.com.ar\/web\/wp-json\/wp\/v2\/comments?post=34760"}],"version-history":[{"count":1,"href":"https:\/\/www.almargenweb.com.ar\/web\/wp-json\/wp\/v2\/posts\/34760\/revisions"}],"predecessor-version":[{"id":34765,"href":"https:\/\/www.almargenweb.com.ar\/web\/wp-json\/wp\/v2\/posts\/34760\/revisions\/34765"}],"wp:featuredmedia":[{"embeddable":true,"href":"https:\/\/www.almargenweb.com.ar\/web\/wp-json\/wp\/v2\/media\/34762"}],"wp:attachment":[{"href":"https:\/\/www.almargenweb.com.ar\/web\/wp-json\/wp\/v2\/media?parent=34760"}],"wp:term":[{"taxonomy":"category","embeddable":true,"href":"https:\/\/www.almargenweb.com.ar\/web\/wp-json\/wp\/v2\/categories?post=34760"},{"taxonomy":"post_tag","embeddable":true,"href":"https:\/\/www.almargenweb.com.ar\/web\/wp-json\/wp\/v2\/tags?post=34760"}],"curies":[{"name":"wp","href":"https:\/\/api.w.org\/{rel}","templated":true}]}}