{"id":34731,"date":"2021-04-29T10:15:06","date_gmt":"2021-04-29T13:15:06","guid":{"rendered":"http:\/\/www.almargenweb.com.ar\/web\/?p=34731"},"modified":"2021-04-29T10:15:07","modified_gmt":"2021-04-29T13:15:07","slug":"congelan-por-90-dias-el-precio-del-tubo-de-oxigeno-medicinal","status":"publish","type":"post","link":"https:\/\/www.almargenweb.com.ar\/web\/congelan-por-90-dias-el-precio-del-tubo-de-oxigeno-medicinal\/","title":{"rendered":"Congelan por 90 d\u00edas el precio del tubo de oxigeno medicinal"},"content":{"rendered":"\n<p>El Gobierno estableci\u00f3 que los sujetos que integran la cadena de producci\u00f3n, transporte, distribuci\u00f3n y acarreo de ox\u00edgeno l\u00edquido medicinal a granel o en tubo, no podr\u00e1n aumentar sus precios de venta y prestaci\u00f3n de servicios por 90 d\u00edas.<\/p>\n\n\n\n<p>Asimismo, la normativa intima a las empresas que forman parte integrante de la cadena de producci\u00f3n, distribuci\u00f3n y acarreo de ox\u00edgeno l\u00edquido, a incrementar su producci\u00f3n hasta el m\u00e1ximo de su capacidad instalada y a arbitrar las medidas conducentes para asegurar su transporte, distribuci\u00f3n y comercializaci\u00f3n en todo el pa\u00eds durante el per\u00edodo que dure la emergencia sanitaria.<\/p>\n\n\n\n<p>Tambi\u00e9n determina para todos los sujetos productores de ox\u00edgeno l\u00edquido en el territorio nacional, el abastecimiento de la demanda de los establecimientos asistenciales y productivos del sector de la salud con car\u00e1cter exclusivo.<\/p>\n\n\n\n<p>Adem\u00e1s, la norma crea la Comisi\u00f3n de Monitoreo de Insumos Cr\u00edticos para la atenci\u00f3n de Covid-19 que estar\u00e1 integrada por los ministros de Salud y de Desarrollo Productivo.<\/p>\n\n\n\n<p><\/p>\n<!-- AddThis Advanced Settings generic via filter on the_content --><!-- AddThis Share Buttons generic via filter on the_content -->","protected":false},"excerpt":{"rendered":"<p>El Gobierno estableci\u00f3 que los sujetos que integran la cadena de producci\u00f3n, transporte, distribuci\u00f3n y acarreo [&hellip;]<!-- AddThis Advanced Settings generic via filter on get_the_excerpt --><!-- AddThis Share Buttons generic via filter on get_the_excerpt --><\/p>\n","protected":false},"author":16,"featured_media":34733,"comment_status":"open","ping_status":"open","sticky":false,"template":"","format":"standard","meta":{"_seopress_robots_primary_cat":"none","_seopress_titles_title":"","_seopress_titles_desc":"","_seopress_robots_index":"","_themeisle_gutenberg_block_has_review":false,"footnotes":""},"categories":[2,9,15],"tags":[],"class_list":["post-34731","post","type-post","status-publish","format-standard","has-post-thumbnail","hentry","category-actualidad","category-politica","category-salud"],"_links":{"self":[{"href":"https:\/\/www.almargenweb.com.ar\/web\/wp-json\/wp\/v2\/posts\/34731","targetHints":{"allow":["GET"]}}],"collection":[{"href":"https:\/\/www.almargenweb.com.ar\/web\/wp-json\/wp\/v2\/posts"}],"about":[{"href":"https:\/\/www.almargenweb.com.ar\/web\/wp-json\/wp\/v2\/types\/post"}],"author":[{"embeddable":true,"href":"https:\/\/www.almargenweb.com.ar\/web\/wp-json\/wp\/v2\/users\/16"}],"replies":[{"embeddable":true,"href":"https:\/\/www.almargenweb.com.ar\/web\/wp-json\/wp\/v2\/comments?post=34731"}],"version-history":[{"count":1,"href":"https:\/\/www.almargenweb.com.ar\/web\/wp-json\/wp\/v2\/posts\/34731\/revisions"}],"predecessor-version":[{"id":34734,"href":"https:\/\/www.almargenweb.com.ar\/web\/wp-json\/wp\/v2\/posts\/34731\/revisions\/34734"}],"wp:featuredmedia":[{"embeddable":true,"href":"https:\/\/www.almargenweb.com.ar\/web\/wp-json\/wp\/v2\/media\/34733"}],"wp:attachment":[{"href":"https:\/\/www.almargenweb.com.ar\/web\/wp-json\/wp\/v2\/media?parent=34731"}],"wp:term":[{"taxonomy":"category","embeddable":true,"href":"https:\/\/www.almargenweb.com.ar\/web\/wp-json\/wp\/v2\/categories?post=34731"},{"taxonomy":"post_tag","embeddable":true,"href":"https:\/\/www.almargenweb.com.ar\/web\/wp-json\/wp\/v2\/tags?post=34731"}],"curies":[{"name":"wp","href":"https:\/\/api.w.org\/{rel}","templated":true}]}}