{"id":34686,"date":"2021-04-26T05:59:09","date_gmt":"2021-04-26T08:59:09","guid":{"rendered":"http:\/\/www.almargenweb.com.ar\/web\/?p=34686"},"modified":"2021-04-26T05:59:10","modified_gmt":"2021-04-26T08:59:10","slug":"rodrigo-muller-buscar-soluciones-para-enfrentar-el-narcomenudeo-en-la-ciudad-implica-mirar-mas-alla-de-las-diferencias","status":"publish","type":"post","link":"https:\/\/www.almargenweb.com.ar\/web\/rodrigo-muller-buscar-soluciones-para-enfrentar-el-narcomenudeo-en-la-ciudad-implica-mirar-mas-alla-de-las-diferencias\/","title":{"rendered":"Rodrigo M\u00fcller \u201cBuscar soluciones para enfrentar el narcomenudeo en la ciudad implica mirar m\u00e1s all\u00e1 de las diferencias\u201d."},"content":{"rendered":"\n<p>El Concejal Rodrigo M\u00fcller, celebro que la Diputada Nacional Ximena Garc\u00eda (UCR-Cambiemos), escuche el pedido, que realiz\u00f3 a todos los legisladores nacionales de la Provincia de Santa Fe y que motiv\u00f3 la presentaci\u00f3n en la C\u00e1mara de Diputados de la Naci\u00f3n de un proyecto de ley para la creaci\u00f3n de una Secretaria Penal dependiente del Juzgado Federal N\u00b0 1 con asiento en Esperanza.<\/p>\n\n\n\n<p>En una visita a Esperanza de la Diputada y de su par Provincial Jimena Senn, &#8220;tuve oportunidad de entregarle el pedido para que se cree una Secretaria del Juzgado Federal que permita acelerar las \u00f3rdenes de allanamiento por tr\u00e1fico de drogas. En ese momento me acompa\u00f1aron tambi\u00e9n la presidenta de la UCR Esperanza Gisela Mierke, Cristian Cammisi y los dirigentes radicales Roberto Celano, Gast\u00f3n Gardiol, entre otros dirigentes de distintos espacios.&#8221;<\/p>\n\n\n\n<p>En caso de sancionarse la ley y crearse dicha secretaria judicial, permitir\u00eda lograr una respuesta m\u00e1s r\u00e1pida del accionar de las fuerzas policiales, quienes en ocasiones deben esperar hasta seis meses las autorizaciones judiciales. Me preocupa las personas que se anima a denunciar tenga respuesta correspondiente al problema que est\u00e1 atravesando, dar unas herramientas a quienes luchan por darnos seguridad.<\/p>\n\n\n\n<p>Voy a insistir para que esta idea que germina pueda concretarse, fortalecer el acceso a la justicia, perfeccionando la funci\u00f3n judicial del Estado. Lograr\u00edamos una mayor inmediaci\u00f3n geogr\u00e1fica de las materias federales, facilitando la adecuada distribuci\u00f3n de causas y la resoluci\u00f3n expeditas de las mismas.<\/p>\n<!-- AddThis Advanced Settings generic via filter on the_content --><!-- AddThis Share Buttons generic via filter on the_content -->","protected":false},"excerpt":{"rendered":"<p>El Concejal Rodrigo M\u00fcller, celebro que la Diputada Nacional Ximena Garc\u00eda (UCR-Cambiemos), escuche el pedido, que [&hellip;]<!-- AddThis Advanced Settings generic via filter on get_the_excerpt --><!-- AddThis Share Buttons generic via filter on get_the_excerpt --><\/p>\n","protected":false},"author":16,"featured_media":34688,"comment_status":"open","ping_status":"open","sticky":false,"template":"","format":"standard","meta":{"_seopress_robots_primary_cat":"none","_seopress_titles_title":"","_seopress_titles_desc":"","_seopress_robots_index":"","_themeisle_gutenberg_block_has_review":false,"footnotes":""},"categories":[2,164,47,15],"tags":[],"class_list":["post-34686","post","type-post","status-publish","format-standard","has-post-thumbnail","hentry","category-actualidad","category-ambiente","category-locales","category-salud"],"_links":{"self":[{"href":"https:\/\/www.almargenweb.com.ar\/web\/wp-json\/wp\/v2\/posts\/34686","targetHints":{"allow":["GET"]}}],"collection":[{"href":"https:\/\/www.almargenweb.com.ar\/web\/wp-json\/wp\/v2\/posts"}],"about":[{"href":"https:\/\/www.almargenweb.com.ar\/web\/wp-json\/wp\/v2\/types\/post"}],"author":[{"embeddable":true,"href":"https:\/\/www.almargenweb.com.ar\/web\/wp-json\/wp\/v2\/users\/16"}],"replies":[{"embeddable":true,"href":"https:\/\/www.almargenweb.com.ar\/web\/wp-json\/wp\/v2\/comments?post=34686"}],"version-history":[{"count":1,"href":"https:\/\/www.almargenweb.com.ar\/web\/wp-json\/wp\/v2\/posts\/34686\/revisions"}],"predecessor-version":[{"id":34689,"href":"https:\/\/www.almargenweb.com.ar\/web\/wp-json\/wp\/v2\/posts\/34686\/revisions\/34689"}],"wp:featuredmedia":[{"embeddable":true,"href":"https:\/\/www.almargenweb.com.ar\/web\/wp-json\/wp\/v2\/media\/34688"}],"wp:attachment":[{"href":"https:\/\/www.almargenweb.com.ar\/web\/wp-json\/wp\/v2\/media?parent=34686"}],"wp:term":[{"taxonomy":"category","embeddable":true,"href":"https:\/\/www.almargenweb.com.ar\/web\/wp-json\/wp\/v2\/categories?post=34686"},{"taxonomy":"post_tag","embeddable":true,"href":"https:\/\/www.almargenweb.com.ar\/web\/wp-json\/wp\/v2\/tags?post=34686"}],"curies":[{"name":"wp","href":"https:\/\/api.w.org\/{rel}","templated":true}]}}