{"id":34654,"date":"2021-04-23T09:23:45","date_gmt":"2021-04-23T12:23:45","guid":{"rendered":"http:\/\/www.almargenweb.com.ar\/web\/?p=34654"},"modified":"2021-04-23T09:23:46","modified_gmt":"2021-04-23T12:23:46","slug":"esperanza-a-partir-de-hoy-rigen-nuevas-normas-de-convivencia-para-afrontar-la-segunda-ola-de-covid","status":"publish","type":"post","link":"https:\/\/www.almargenweb.com.ar\/web\/esperanza-a-partir-de-hoy-rigen-nuevas-normas-de-convivencia-para-afrontar-la-segunda-ola-de-covid\/","title":{"rendered":"Esperanza; a partir de hoy rigen nuevas normas de convivencia para afrontar la segunda ola de Covid"},"content":{"rendered":"\n<p>Frente a la nueva ola de contagios de coronavirus, desde el Municipio anunciaron restricciones en la circulaci\u00f3n las que comienzan a regir a partir del d\u00eda de hoy.<\/p>\n\n\n\n<p>Las nuevas normas de convivencia se adoptaron a partir de las restricciones dispuestas por el gobierno Provincial, teniendo en cuenta la realidad de Esperanza, cuya curva de contagios va en profundo aumento, seg\u00fan lo informo Hector Soler, director del SAMCO local.<\/p>\n\n\n\n<p>De esta manera, se permite el tr\u00e1nsito en veh\u00edculos de dominio privado en los mismos t\u00e9rminos que hasta el momento para cumplir con actividades esenciales y las habilitadas.<\/p>\n\n\n\n<p><br>Se cumplir\u00e1n las restricciones de topes horarios para comercios mayoristas y minoristas, aunque se mantiene el tope de las 20:00 y 21:00 horas.<\/p>\n\n\n\n<p><br>Tambi\u00e9n se sostienen las actividades en salones habilitados con protocolo de bar y kioscos, peloteros, gimnasios, canchas de f\u00fatbol y paddle hasta las 21:00 horas.<\/p>\n\n\n\n<figure class=\"wp-block-image size-large is-resized\"><img loading=\"lazy\" decoding=\"async\" src=\"https:\/\/www.almargenweb.com.ar\/web\/wp-content\/uploads\/2021\/04\/Hector-Soler.jpg\" alt=\"\" class=\"wp-image-34657\" width=\"834\" height=\"597\" srcset=\"https:\/\/www.almargenweb.com.ar\/web\/wp-content\/uploads\/2021\/04\/Hector-Soler.jpg 598w, https:\/\/www.almargenweb.com.ar\/web\/wp-content\/uploads\/2021\/04\/Hector-Soler-300x215.jpg 300w\" sizes=\"auto, (max-width: 834px) 100vw, 834px\" \/><figcaption>H\u00e9ctor Soler, Director del Samco Esperanza; &#8220;las internaciones de Covid son prolongadas, manteniendo las camas ocupadas por mucho tiempo&#8221;<\/figcaption><\/figure>\n\n\n\n<p>En los \u00faltimos d\u00edas,  la casos positivo de Coronavirus resultantes de la llamada &#8220;segunda ola de contagios&#8221; han ido en aumento en diferentes localidades del departamento Las Colonias, donde la ciudad cabecera: Esperanza, es la m\u00e1s afectada. En este sentido\u00a0H\u00e9ctor Soler, Director del Samco Esperanza manifest\u00f3 que preocupa la cantidad de casos positivos que se vienen registrando en los \u00faltimo d\u00edas.<\/p>\n\n\n\n<p>En este sentido, Soler explico que  &#8220;las internaciones de Covid son prolongadas. Los hisopados han aumentado en relaci\u00f3n a meses anteriores. Trabajamos todos los d\u00edas, este martes hubo un total de 93 muestra con 50% de casos de la ciudad y el 50% del departamento\u201d.<\/p>\n<!-- AddThis Advanced Settings generic via filter on the_content --><!-- AddThis Share Buttons generic via filter on the_content -->","protected":false},"excerpt":{"rendered":"<p>Frente a la nueva ola de contagios de coronavirus, desde el Municipio anunciaron restricciones en la [&hellip;]<!-- AddThis Advanced Settings generic via filter on get_the_excerpt --><!-- AddThis Share Buttons generic via filter on get_the_excerpt --><\/p>\n","protected":false},"author":16,"featured_media":34656,"comment_status":"open","ping_status":"open","sticky":false,"template":"","format":"standard","meta":{"_seopress_robots_primary_cat":"none","_seopress_titles_title":"","_seopress_titles_desc":"","_seopress_robots_index":"","_themeisle_gutenberg_block_has_review":false,"footnotes":""},"categories":[2,164,47,9,15],"tags":[],"class_list":["post-34654","post","type-post","status-publish","format-standard","has-post-thumbnail","hentry","category-actualidad","category-ambiente","category-locales","category-politica","category-salud"],"_links":{"self":[{"href":"https:\/\/www.almargenweb.com.ar\/web\/wp-json\/wp\/v2\/posts\/34654","targetHints":{"allow":["GET"]}}],"collection":[{"href":"https:\/\/www.almargenweb.com.ar\/web\/wp-json\/wp\/v2\/posts"}],"about":[{"href":"https:\/\/www.almargenweb.com.ar\/web\/wp-json\/wp\/v2\/types\/post"}],"author":[{"embeddable":true,"href":"https:\/\/www.almargenweb.com.ar\/web\/wp-json\/wp\/v2\/users\/16"}],"replies":[{"embeddable":true,"href":"https:\/\/www.almargenweb.com.ar\/web\/wp-json\/wp\/v2\/comments?post=34654"}],"version-history":[{"count":1,"href":"https:\/\/www.almargenweb.com.ar\/web\/wp-json\/wp\/v2\/posts\/34654\/revisions"}],"predecessor-version":[{"id":34658,"href":"https:\/\/www.almargenweb.com.ar\/web\/wp-json\/wp\/v2\/posts\/34654\/revisions\/34658"}],"wp:featuredmedia":[{"embeddable":true,"href":"https:\/\/www.almargenweb.com.ar\/web\/wp-json\/wp\/v2\/media\/34656"}],"wp:attachment":[{"href":"https:\/\/www.almargenweb.com.ar\/web\/wp-json\/wp\/v2\/media?parent=34654"}],"wp:term":[{"taxonomy":"category","embeddable":true,"href":"https:\/\/www.almargenweb.com.ar\/web\/wp-json\/wp\/v2\/categories?post=34654"},{"taxonomy":"post_tag","embeddable":true,"href":"https:\/\/www.almargenweb.com.ar\/web\/wp-json\/wp\/v2\/tags?post=34654"}],"curies":[{"name":"wp","href":"https:\/\/api.w.org\/{rel}","templated":true}]}}