{"id":34626,"date":"2021-04-21T14:47:06","date_gmt":"2021-04-21T17:47:06","guid":{"rendered":"http:\/\/www.almargenweb.com.ar\/web\/?p=34626"},"modified":"2021-04-21T14:47:07","modified_gmt":"2021-04-21T17:47:07","slug":"las-colonias-preocupa-el-avance-de-contagios-de-covid","status":"publish","type":"post","link":"https:\/\/www.almargenweb.com.ar\/web\/las-colonias-preocupa-el-avance-de-contagios-de-covid\/","title":{"rendered":"Las Colonias; preocupa el avance de contagios de Covid"},"content":{"rendered":"\n<p>Seg\u00fan el registro epidemiol\u00f3gico\u00a0 de las diferentes localidades del departamento las colonias, es alarmante el aumento de casos positivos de Coronavirus. En este sentido, un panorama desalentador es la somra que rodea a la ciudad cabecera; Esperanza es la mas afectada.<\/p>\n\n\n\n<p>H\u00e9ctor Soler, director del Samco Esperanza, manifest\u00f3 su preocupaci\u00f3n por la cantidad de casos positivos que se vienen registrando en los \u00faltimos d\u00edas.<\/p>\n\n\n\n<p>&#8220;Preocupa el aumento de casos, vemos que el ritmo de los contagios no esta mermando. Con este ritmo estaremos al desborde total&#8221; detallo Soler y agrego que cuentan con &#8220;20 camas para atenci\u00f3n Covid y un lugar destinado con 25 camas mas, en un sector extra hospitalario equipado especialmente junto al recurso humano necesario para hacer frente a los pr\u00f3ximos casos de coronavirus&#8221;.<\/p>\n\n\n\n<figure class=\"wp-block-image size-large\"><img loading=\"lazy\" decoding=\"async\" width=\"1024\" height=\"576\" src=\"https:\/\/www.almargenweb.com.ar\/web\/wp-content\/uploads\/2021\/04\/samco-esperanzajpg-1-1024x576.jpg\" alt=\"\" class=\"wp-image-34629\" srcset=\"https:\/\/www.almargenweb.com.ar\/web\/wp-content\/uploads\/2021\/04\/samco-esperanzajpg-1-1024x576.jpg 1024w, https:\/\/www.almargenweb.com.ar\/web\/wp-content\/uploads\/2021\/04\/samco-esperanzajpg-1-300x169.jpg 300w, https:\/\/www.almargenweb.com.ar\/web\/wp-content\/uploads\/2021\/04\/samco-esperanzajpg-1-768x432.jpg 768w, https:\/\/www.almargenweb.com.ar\/web\/wp-content\/uploads\/2021\/04\/samco-esperanzajpg-1.jpg 1200w\" sizes=\"auto, (max-width: 1024px) 100vw, 1024px\" \/><figcaption>El SAMCO cuenta con 45 camas totales para afrontar los casos positivos por Covid. Soler explic\u00f3 que el porcentaje de positividad de las muestras que reciben, es del 40% y 50%.<\/figcaption><\/figure>\n\n\n\n<p>Soler explic\u00f3, que el principal problema son las internaciones por covid ya que sulen ser prolongadas, este tiempo va en deterioro de otros pasientes con diferentes patologias.<\/p>\n\n\n\n<p>Cabe se\u00f1alar que continua la vacunaci\u00f3n, a personas mayores de 70 a\u00f1os, con un total de 300 dosis aplicadas por d\u00eda. <\/p>\n<!-- AddThis Advanced Settings generic via filter on the_content --><!-- AddThis Share Buttons generic via filter on the_content -->","protected":false},"excerpt":{"rendered":"<p>Seg\u00fan el registro epidemiol\u00f3gico\u00a0 de las diferentes localidades del departamento las colonias, es alarmante el aumento [&hellip;]<!-- AddThis Advanced Settings generic via filter on get_the_excerpt --><!-- AddThis Share Buttons generic via filter on get_the_excerpt --><\/p>\n","protected":false},"author":16,"featured_media":34630,"comment_status":"open","ping_status":"open","sticky":false,"template":"","format":"standard","meta":{"_seopress_robots_primary_cat":"none","_seopress_titles_title":"","_seopress_titles_desc":"","_seopress_robots_index":"","_themeisle_gutenberg_block_has_review":false,"footnotes":""},"categories":[2,164,20,21,47,9,15],"tags":[],"class_list":["post-34626","post","type-post","status-publish","format-standard","has-post-thumbnail","hentry","category-actualidad","category-ambiente","category-departamentales","category-las-colonias","category-locales","category-politica","category-salud"],"_links":{"self":[{"href":"https:\/\/www.almargenweb.com.ar\/web\/wp-json\/wp\/v2\/posts\/34626","targetHints":{"allow":["GET"]}}],"collection":[{"href":"https:\/\/www.almargenweb.com.ar\/web\/wp-json\/wp\/v2\/posts"}],"about":[{"href":"https:\/\/www.almargenweb.com.ar\/web\/wp-json\/wp\/v2\/types\/post"}],"author":[{"embeddable":true,"href":"https:\/\/www.almargenweb.com.ar\/web\/wp-json\/wp\/v2\/users\/16"}],"replies":[{"embeddable":true,"href":"https:\/\/www.almargenweb.com.ar\/web\/wp-json\/wp\/v2\/comments?post=34626"}],"version-history":[{"count":1,"href":"https:\/\/www.almargenweb.com.ar\/web\/wp-json\/wp\/v2\/posts\/34626\/revisions"}],"predecessor-version":[{"id":34631,"href":"https:\/\/www.almargenweb.com.ar\/web\/wp-json\/wp\/v2\/posts\/34626\/revisions\/34631"}],"wp:featuredmedia":[{"embeddable":true,"href":"https:\/\/www.almargenweb.com.ar\/web\/wp-json\/wp\/v2\/media\/34630"}],"wp:attachment":[{"href":"https:\/\/www.almargenweb.com.ar\/web\/wp-json\/wp\/v2\/media?parent=34626"}],"wp:term":[{"taxonomy":"category","embeddable":true,"href":"https:\/\/www.almargenweb.com.ar\/web\/wp-json\/wp\/v2\/categories?post=34626"},{"taxonomy":"post_tag","embeddable":true,"href":"https:\/\/www.almargenweb.com.ar\/web\/wp-json\/wp\/v2\/tags?post=34626"}],"curies":[{"name":"wp","href":"https:\/\/api.w.org\/{rel}","templated":true}]}}