{"id":34555,"date":"2021-04-15T09:50:22","date_gmt":"2021-04-15T12:50:22","guid":{"rendered":"http:\/\/www.almargenweb.com.ar\/web\/?p=34555"},"modified":"2021-04-15T09:51:11","modified_gmt":"2021-04-15T12:51:11","slug":"se-conmemora-el-dia-internacional-de-la-lucha-contra-la-enfermedad-de-chagas","status":"publish","type":"post","link":"https:\/\/www.almargenweb.com.ar\/web\/se-conmemora-el-dia-internacional-de-la-lucha-contra-la-enfermedad-de-chagas\/","title":{"rendered":"Se conmemora el D\u00eda Internacional de la Lucha contra la Enfermedad de Chagas"},"content":{"rendered":"\n<p>La fecha se estableci\u00f3 porque justo un 14 de abril del a\u00f1o 1909 fue diagnosticada la primera paciente con esta enfermedad. Se trataba de un ni\u00f1a brasile\u00f1a, llamada Berenice Soares de Moura, que fue tratada por el Dr. Carlos Ribeiro Justiniano Chagas. De ah\u00ed el nombre de la afecci\u00f3n.<\/p>\n\n\n\n<p>El Chagas es una enfermedad tropical que se trasmite por un insecto y que, sin tratamiento, puede provocar graves afecciones cardiacas y digestivas e incluso la muerte.<\/p>\n\n\n\n<p>Es una enfermedad de desarrollo lento y por ello se le conoce como una enfermedad silenciosa, pero tambi\u00e9n silenciada, debido a que afecta a la poblaci\u00f3n m\u00e1s pobre del planeta, precisamente personas que no tienen f\u00e1cil el acceso a atenci\u00f3n m\u00e9dica.<\/p>\n\n\n\n<figure class=\"wp-block-image size-large\"><img loading=\"lazy\" decoding=\"async\" width=\"1024\" height=\"484\" src=\"https:\/\/www.almargenweb.com.ar\/web\/wp-content\/uploads\/2021\/04\/Dia-Chagas-2019-1024x484.jpg\" alt=\"\" class=\"wp-image-34557\" srcset=\"https:\/\/www.almargenweb.com.ar\/web\/wp-content\/uploads\/2021\/04\/Dia-Chagas-2019-1024x484.jpg 1024w, https:\/\/www.almargenweb.com.ar\/web\/wp-content\/uploads\/2021\/04\/Dia-Chagas-2019-300x142.jpg 300w, https:\/\/www.almargenweb.com.ar\/web\/wp-content\/uploads\/2021\/04\/Dia-Chagas-2019-768x363.jpg 768w, https:\/\/www.almargenweb.com.ar\/web\/wp-content\/uploads\/2021\/04\/Dia-Chagas-2019.jpg 1200w\" sizes=\"auto, (max-width: 1024px) 100vw, 1024px\" \/><figcaption>En este d\u00eda, se intenta visibilizar una enfermedad relacionada directamente con las condiciones sanitarias y socio-econ\u00f3micas de poblaci\u00f3n latinoamericana. <\/figcaption><\/figure>\n\n\n\n<p>Afecta a entre 6 y 7 millones de personas en todo el mundo, y no solo se extiende por pa\u00edses de Am\u00e9rica Latina, sino que cada vez se est\u00e1n dando m\u00e1s casos en Estados Unidos, Canad\u00e1, Europa y algunos pa\u00edses del Pac\u00edfico Occidental.<\/p>\n\n\n\n<p>La enfermedad tambi\u00e9n se puede trasmitir por alimentos contaminados, trasfusiones de sangre y trasplantes de \u00f3rganos.<\/p>\n\n\n\n<p>Oficializar este d\u00eda en el calendario de fechas mundiales contribuir\u00e1 a dar visibilidad llamar la atenci\u00f3n de los gobiernos y responsables de salud locales acerca de la necesidad de llevar adelante pol\u00edticas efectivas y sostenidas en el tiempo, que permitan superar las numerosas barreras en el acceso al diagn\u00f3stico y tratamiento, adem\u00e1s de dar mayor visibilidad a la estigmatizaci\u00f3n y discriminaci\u00f3n que viven las personas afectadas.<\/p>\n<!-- AddThis Advanced Settings generic via filter on the_content --><!-- AddThis Share Buttons generic via filter on the_content -->","protected":false},"excerpt":{"rendered":"<p>La fecha se estableci\u00f3 porque justo un 14 de abril del a\u00f1o 1909 fue diagnosticada la [&hellip;]<!-- AddThis Advanced Settings generic via filter on get_the_excerpt --><!-- AddThis Share Buttons generic via filter on get_the_excerpt --><\/p>\n","protected":false},"author":16,"featured_media":34559,"comment_status":"open","ping_status":"open","sticky":false,"template":"","format":"standard","meta":{"_seopress_robots_primary_cat":"none","_seopress_titles_title":"","_seopress_titles_desc":"","_seopress_robots_index":"","_themeisle_gutenberg_block_has_review":false,"footnotes":""},"categories":[2,15],"tags":[],"class_list":["post-34555","post","type-post","status-publish","format-standard","has-post-thumbnail","hentry","category-actualidad","category-salud"],"_links":{"self":[{"href":"https:\/\/www.almargenweb.com.ar\/web\/wp-json\/wp\/v2\/posts\/34555","targetHints":{"allow":["GET"]}}],"collection":[{"href":"https:\/\/www.almargenweb.com.ar\/web\/wp-json\/wp\/v2\/posts"}],"about":[{"href":"https:\/\/www.almargenweb.com.ar\/web\/wp-json\/wp\/v2\/types\/post"}],"author":[{"embeddable":true,"href":"https:\/\/www.almargenweb.com.ar\/web\/wp-json\/wp\/v2\/users\/16"}],"replies":[{"embeddable":true,"href":"https:\/\/www.almargenweb.com.ar\/web\/wp-json\/wp\/v2\/comments?post=34555"}],"version-history":[{"count":1,"href":"https:\/\/www.almargenweb.com.ar\/web\/wp-json\/wp\/v2\/posts\/34555\/revisions"}],"predecessor-version":[{"id":34558,"href":"https:\/\/www.almargenweb.com.ar\/web\/wp-json\/wp\/v2\/posts\/34555\/revisions\/34558"}],"wp:featuredmedia":[{"embeddable":true,"href":"https:\/\/www.almargenweb.com.ar\/web\/wp-json\/wp\/v2\/media\/34559"}],"wp:attachment":[{"href":"https:\/\/www.almargenweb.com.ar\/web\/wp-json\/wp\/v2\/media?parent=34555"}],"wp:term":[{"taxonomy":"category","embeddable":true,"href":"https:\/\/www.almargenweb.com.ar\/web\/wp-json\/wp\/v2\/categories?post=34555"},{"taxonomy":"post_tag","embeddable":true,"href":"https:\/\/www.almargenweb.com.ar\/web\/wp-json\/wp\/v2\/tags?post=34555"}],"curies":[{"name":"wp","href":"https:\/\/api.w.org\/{rel}","templated":true}]}}