{"id":34538,"date":"2021-04-14T10:37:09","date_gmt":"2021-04-14T13:37:09","guid":{"rendered":"http:\/\/www.almargenweb.com.ar\/web\/?p=34538"},"modified":"2021-04-14T10:37:10","modified_gmt":"2021-04-14T13:37:10","slug":"las-trombosis-una-de-las-principales-complicaciones-en-pacientes-con-covid-19","status":"publish","type":"post","link":"https:\/\/www.almargenweb.com.ar\/web\/las-trombosis-una-de-las-principales-complicaciones-en-pacientes-con-covid-19\/","title":{"rendered":"Las trombosis, una de las principales complicaciones en pacientes con COVID-19"},"content":{"rendered":"\n<p>Las trombosis, especialmente las venosas, son una de las complicaciones graves que pueden aparecer en los pacientes afectados por la COVID-19. Estas complicaciones, provocadas por la activaci\u00f3n desmedida del sistema inmunitario en la lucha contra el virus, pueden llegar a ser graves y requerir un tratamiento espec\u00edfico o, en algunos casos, de una intervenci\u00f3n quir\u00fargica.<\/p>\n\n\n\n<p>Seg\u00fan los estudios publicados en revistas cient\u00edficas, consideran que puede afectar hasta un 50% de los pacientes infectados, especialmente en aquellos enfermos cr\u00edticos o con una presentaci\u00f3n m\u00e1s grave de la enfermedad.<\/p>\n\n\n\n<p>Otros de los factores de riesgo para la aparici\u00f3n de co\u00e1gulos son el sedentarismo, la edad superior a 70 a\u00f1os, el sobrepeso, los antecedentes de enfermedad oncol\u00f3gica, o la trombofilia (predisposici\u00f3n gen\u00e9tica a tener problemas tromb\u00f3ticos).<\/p>\n\n\n\n<figure class=\"wp-block-image size-large\"><img loading=\"lazy\" decoding=\"async\" width=\"1024\" height=\"379\" src=\"https:\/\/www.almargenweb.com.ar\/web\/wp-content\/uploads\/2021\/04\/trombosis-venosa-superficial-destac-1024x379.jpg\" alt=\"\" class=\"wp-image-34540\" srcset=\"https:\/\/www.almargenweb.com.ar\/web\/wp-content\/uploads\/2021\/04\/trombosis-venosa-superficial-destac-1024x379.jpg 1024w, https:\/\/www.almargenweb.com.ar\/web\/wp-content\/uploads\/2021\/04\/trombosis-venosa-superficial-destac-300x111.jpg 300w, https:\/\/www.almargenweb.com.ar\/web\/wp-content\/uploads\/2021\/04\/trombosis-venosa-superficial-destac-768x284.jpg 768w, https:\/\/www.almargenweb.com.ar\/web\/wp-content\/uploads\/2021\/04\/trombosis-venosa-superficial-destac.jpg 1100w\" sizes=\"auto, (max-width: 1024px) 100vw, 1024px\" \/><figcaption>La trombosis venosa profunda, es una alteraci\u00f3n en la circulaci\u00f3n , sobre todo de las extremidades, donde un coagulo obstruye el retorno sangu\u00edneo.<\/figcaption><\/figure>\n\n\n\n<p>La forma m\u00e1s frecuente de presentaci\u00f3n de estos problemas es en forma de trombosis venosa profunda; aparece un co\u00e1gulo en las venas m\u00e1s grandes de las extremidades.<\/p>\n\n\n\n<p>El tromboembolismo pulmonar es la complicaci\u00f3n m\u00e1s grave, ya que se impide el paso de la sangre al pulm\u00f3n para su correcta oxigenaci\u00f3n. Adem\u00e1s, suele agravar los problemas respiratorios provocados por el coronavirus, que ataca especialmente al tejido pulmonar.<\/p>\n<!-- AddThis Advanced Settings generic via filter on the_content --><!-- AddThis Share Buttons generic via filter on the_content -->","protected":false},"excerpt":{"rendered":"<p>Las trombosis, especialmente las venosas, son una de las complicaciones graves que pueden aparecer en los [&hellip;]<!-- AddThis Advanced Settings generic via filter on get_the_excerpt --><!-- AddThis Share Buttons generic via filter on get_the_excerpt --><\/p>\n","protected":false},"author":16,"featured_media":34541,"comment_status":"open","ping_status":"open","sticky":false,"template":"","format":"standard","meta":{"_seopress_robots_primary_cat":"none","_seopress_titles_title":"","_seopress_titles_desc":"","_seopress_robots_index":"","_themeisle_gutenberg_block_has_review":false,"footnotes":""},"categories":[2,19,15],"tags":[],"class_list":["post-34538","post","type-post","status-publish","format-standard","has-post-thumbnail","hentry","category-actualidad","category-educacion","category-salud"],"_links":{"self":[{"href":"https:\/\/www.almargenweb.com.ar\/web\/wp-json\/wp\/v2\/posts\/34538","targetHints":{"allow":["GET"]}}],"collection":[{"href":"https:\/\/www.almargenweb.com.ar\/web\/wp-json\/wp\/v2\/posts"}],"about":[{"href":"https:\/\/www.almargenweb.com.ar\/web\/wp-json\/wp\/v2\/types\/post"}],"author":[{"embeddable":true,"href":"https:\/\/www.almargenweb.com.ar\/web\/wp-json\/wp\/v2\/users\/16"}],"replies":[{"embeddable":true,"href":"https:\/\/www.almargenweb.com.ar\/web\/wp-json\/wp\/v2\/comments?post=34538"}],"version-history":[{"count":1,"href":"https:\/\/www.almargenweb.com.ar\/web\/wp-json\/wp\/v2\/posts\/34538\/revisions"}],"predecessor-version":[{"id":34542,"href":"https:\/\/www.almargenweb.com.ar\/web\/wp-json\/wp\/v2\/posts\/34538\/revisions\/34542"}],"wp:featuredmedia":[{"embeddable":true,"href":"https:\/\/www.almargenweb.com.ar\/web\/wp-json\/wp\/v2\/media\/34541"}],"wp:attachment":[{"href":"https:\/\/www.almargenweb.com.ar\/web\/wp-json\/wp\/v2\/media?parent=34538"}],"wp:term":[{"taxonomy":"category","embeddable":true,"href":"https:\/\/www.almargenweb.com.ar\/web\/wp-json\/wp\/v2\/categories?post=34538"},{"taxonomy":"post_tag","embeddable":true,"href":"https:\/\/www.almargenweb.com.ar\/web\/wp-json\/wp\/v2\/tags?post=34538"}],"curies":[{"name":"wp","href":"https:\/\/api.w.org\/{rel}","templated":true}]}}