{"id":34533,"date":"2021-04-14T08:36:58","date_gmt":"2021-04-14T11:36:58","guid":{"rendered":"http:\/\/www.almargenweb.com.ar\/web\/?p=34533"},"modified":"2021-04-14T08:36:59","modified_gmt":"2021-04-14T11:36:59","slug":"intentan-que-la-inflacion-de-abril-no-supere-el-4-pese-al-freno-del-dolar","status":"publish","type":"post","link":"https:\/\/www.almargenweb.com.ar\/web\/intentan-que-la-inflacion-de-abril-no-supere-el-4-pese-al-freno-del-dolar\/","title":{"rendered":"Intentan que la inflaci\u00f3n de abril no supere el 4% pese al freno del d\u00f3lar"},"content":{"rendered":"\n<p>El Indec dar\u00e1 a conocer ma\u00f1ana la inflaci\u00f3n de marzo y las cifras privadas -incluso reconocidas por el propio Gobierno- no son nada alentadoras. Con el dato del tercer mes del a\u00f1o, nuevamente en torno al 4% o m\u00e1s, el primer trimestre marcar\u00eda una suba de precios cercana al 12%.<\/p>\n\n\n\n<p>Apuestan a una fuerte desaceleraci\u00f3n a partir de abril, ya que con ese arranque de 2021, para lograr una inflaci\u00f3n similar a la del a\u00f1o pasado, la suba de precios mensual deb\u00eda bajar al 2%. Pero tampoco ser\u00e1 este mes el que mostrar\u00e1 un cambio. La estrategia de planchar el d\u00f3lar a\u00fan no est\u00e1 dando los resultados esperados.<\/p>\n\n\n\n<figure class=\"wp-block-image size-large\"><img loading=\"lazy\" decoding=\"async\" width=\"992\" height=\"558\" src=\"https:\/\/www.almargenweb.com.ar\/web\/wp-content\/uploads\/2021\/04\/IACLWDR7A5C3XO425RCMA6SQEU.jpg\" alt=\"\" class=\"wp-image-34535\" srcset=\"https:\/\/www.almargenweb.com.ar\/web\/wp-content\/uploads\/2021\/04\/IACLWDR7A5C3XO425RCMA6SQEU.jpg 992w, https:\/\/www.almargenweb.com.ar\/web\/wp-content\/uploads\/2021\/04\/IACLWDR7A5C3XO425RCMA6SQEU-300x169.jpg 300w, https:\/\/www.almargenweb.com.ar\/web\/wp-content\/uploads\/2021\/04\/IACLWDR7A5C3XO425RCMA6SQEU-768x432.jpg 768w\" sizes=\"auto, (max-width: 992px) 100vw, 992px\" \/><figcaption>El rubro salud incidir\u00e1 en la inflaci\u00f3n de abril, ya que el Gobierno autoriz\u00f3 un aumento del 4,5% para este mes y otro 5,5% para mayo<\/figcaption><\/figure>\n\n\n\n<p>Los datos de algunas consultoras que relevan precios mostraron que los alimentos siguen liderando los aumentos mes a mes, a pesar de los controles oficiales, y que la primera semana de abril reflejaron una suba de 1,3%.<\/p>\n\n\n\n<p>Para la mayor\u00eda de los analistas consultados, la inflaci\u00f3n de abril volver\u00e1 a ubicarse en otro 4%, en tanto que otros prefieren hablar de un piso de 3,5%. De cualquier manera, ninguno proyecta cifras como las esperadas por el Gobierno, que paut\u00f3 un 29% en el Presupuesto 2021.<\/p>\n<!-- AddThis Advanced Settings generic via filter on the_content --><!-- AddThis Share Buttons generic via filter on the_content -->","protected":false},"excerpt":{"rendered":"<p>El Indec dar\u00e1 a conocer ma\u00f1ana la inflaci\u00f3n de marzo y las cifras privadas -incluso reconocidas [&hellip;]<!-- AddThis Advanced Settings generic via filter on get_the_excerpt --><!-- AddThis Share Buttons generic via filter on get_the_excerpt --><\/p>\n","protected":false},"author":16,"featured_media":34536,"comment_status":"open","ping_status":"open","sticky":false,"template":"","format":"standard","meta":{"_seopress_robots_primary_cat":"none","_seopress_titles_title":"","_seopress_titles_desc":"","_seopress_robots_index":"","_themeisle_gutenberg_block_has_review":false,"footnotes":""},"categories":[2,5,140,9,15],"tags":[],"class_list":["post-34533","post","type-post","status-publish","format-standard","has-post-thumbnail","hentry","category-actualidad","category-economia","category-nacionales","category-politica","category-salud"],"_links":{"self":[{"href":"https:\/\/www.almargenweb.com.ar\/web\/wp-json\/wp\/v2\/posts\/34533","targetHints":{"allow":["GET"]}}],"collection":[{"href":"https:\/\/www.almargenweb.com.ar\/web\/wp-json\/wp\/v2\/posts"}],"about":[{"href":"https:\/\/www.almargenweb.com.ar\/web\/wp-json\/wp\/v2\/types\/post"}],"author":[{"embeddable":true,"href":"https:\/\/www.almargenweb.com.ar\/web\/wp-json\/wp\/v2\/users\/16"}],"replies":[{"embeddable":true,"href":"https:\/\/www.almargenweb.com.ar\/web\/wp-json\/wp\/v2\/comments?post=34533"}],"version-history":[{"count":1,"href":"https:\/\/www.almargenweb.com.ar\/web\/wp-json\/wp\/v2\/posts\/34533\/revisions"}],"predecessor-version":[{"id":34537,"href":"https:\/\/www.almargenweb.com.ar\/web\/wp-json\/wp\/v2\/posts\/34533\/revisions\/34537"}],"wp:featuredmedia":[{"embeddable":true,"href":"https:\/\/www.almargenweb.com.ar\/web\/wp-json\/wp\/v2\/media\/34536"}],"wp:attachment":[{"href":"https:\/\/www.almargenweb.com.ar\/web\/wp-json\/wp\/v2\/media?parent=34533"}],"wp:term":[{"taxonomy":"category","embeddable":true,"href":"https:\/\/www.almargenweb.com.ar\/web\/wp-json\/wp\/v2\/categories?post=34533"},{"taxonomy":"post_tag","embeddable":true,"href":"https:\/\/www.almargenweb.com.ar\/web\/wp-json\/wp\/v2\/tags?post=34533"}],"curies":[{"name":"wp","href":"https:\/\/api.w.org\/{rel}","templated":true}]}}