{"id":34518,"date":"2021-04-12T15:08:46","date_gmt":"2021-04-12T18:08:46","guid":{"rendered":"http:\/\/www.almargenweb.com.ar\/web\/?p=34518"},"modified":"2021-04-12T15:08:46","modified_gmt":"2021-04-12T18:08:46","slug":"crean-un-papel-ignifugo-para-un-diario-que-busca-concientizar-sobre-los-incendios-forestales","status":"publish","type":"post","link":"https:\/\/www.almargenweb.com.ar\/web\/crean-un-papel-ignifugo-para-un-diario-que-busca-concientizar-sobre-los-incendios-forestales\/","title":{"rendered":"Crean un papel ign\u00edfugo para un diario que busca concientizar sobre los incendios forestales"},"content":{"rendered":"\n<p>Durante el convulsionado 2020, los incendios de bosques tambi\u00e9n se presentaron y expandieron por el pa\u00eds. M\u00e1s de 25.000 hect\u00e1reas de bosques arrasadas por el fuego en las localidades de Lago Puelo, El Mait\u00e9n, Epuy\u00e9n, Futaleuf\u00fa, El Hoyo y Las Golondrinas, cerca de la precordillera de Los Andes.<\/p>\n\n\n\n<p>En todo el pa\u00eds, hay m\u00e1s de 40.000 hect\u00e1reas que fueron afectadas por incendios que, seg\u00fan el Servicio Nacional de Manejo del Fuego, en el 95% de los casos son producidos por negligencia humana y en muchos de ellos originados a partir de una chispa que cae sobre un simple papel.<\/p>\n\n\n\n<p>Para visibilizar y concientizar esta problem\u00e1tica, se lanz\u00f3 el primer diario impreso en papel ign\u00edfugo de la Argentina. Con la producci\u00f3n period\u00edstica del Diario de La Comarca Patagonia Argentina y el apoyo de SeSocio, una plataforma de finanzas personales, las 16 p\u00e1ginas que conforman la edici\u00f3n del diario est\u00e1n destinadas a la cobertura period\u00edstica de los \u00faltimos incendios en la zona de la Comarca Andina iniciados en marzo pasado.<\/p>\n\n\n\n<p>As\u00ed, se busca concientizar sobre esta problem\u00e1tica apostando a revertir la tendencia que, lamentablemente en este a\u00f1o, contin\u00faa siendo muy negativa.<\/p>\n<!-- AddThis Advanced Settings generic via filter on the_content --><!-- AddThis Share Buttons generic via filter on the_content -->","protected":false},"excerpt":{"rendered":"<p>Durante el convulsionado 2020, los incendios de bosques tambi\u00e9n se presentaron y expandieron por el pa\u00eds. [&hellip;]<!-- AddThis Advanced Settings generic via filter on get_the_excerpt --><!-- AddThis Share Buttons generic via filter on get_the_excerpt --><\/p>\n","protected":false},"author":16,"featured_media":34520,"comment_status":"open","ping_status":"open","sticky":false,"template":"","format":"standard","meta":{"_seopress_robots_primary_cat":"none","_seopress_titles_title":"","_seopress_titles_desc":"","_seopress_robots_index":"","_themeisle_gutenberg_block_has_review":false,"footnotes":""},"categories":[2,164,15],"tags":[],"class_list":["post-34518","post","type-post","status-publish","format-standard","has-post-thumbnail","hentry","category-actualidad","category-ambiente","category-salud"],"_links":{"self":[{"href":"https:\/\/www.almargenweb.com.ar\/web\/wp-json\/wp\/v2\/posts\/34518","targetHints":{"allow":["GET"]}}],"collection":[{"href":"https:\/\/www.almargenweb.com.ar\/web\/wp-json\/wp\/v2\/posts"}],"about":[{"href":"https:\/\/www.almargenweb.com.ar\/web\/wp-json\/wp\/v2\/types\/post"}],"author":[{"embeddable":true,"href":"https:\/\/www.almargenweb.com.ar\/web\/wp-json\/wp\/v2\/users\/16"}],"replies":[{"embeddable":true,"href":"https:\/\/www.almargenweb.com.ar\/web\/wp-json\/wp\/v2\/comments?post=34518"}],"version-history":[{"count":1,"href":"https:\/\/www.almargenweb.com.ar\/web\/wp-json\/wp\/v2\/posts\/34518\/revisions"}],"predecessor-version":[{"id":34521,"href":"https:\/\/www.almargenweb.com.ar\/web\/wp-json\/wp\/v2\/posts\/34518\/revisions\/34521"}],"wp:featuredmedia":[{"embeddable":true,"href":"https:\/\/www.almargenweb.com.ar\/web\/wp-json\/wp\/v2\/media\/34520"}],"wp:attachment":[{"href":"https:\/\/www.almargenweb.com.ar\/web\/wp-json\/wp\/v2\/media?parent=34518"}],"wp:term":[{"taxonomy":"category","embeddable":true,"href":"https:\/\/www.almargenweb.com.ar\/web\/wp-json\/wp\/v2\/categories?post=34518"},{"taxonomy":"post_tag","embeddable":true,"href":"https:\/\/www.almargenweb.com.ar\/web\/wp-json\/wp\/v2\/tags?post=34518"}],"curies":[{"name":"wp","href":"https:\/\/api.w.org\/{rel}","templated":true}]}}