{"id":34496,"date":"2021-04-10T14:47:19","date_gmt":"2021-04-10T17:47:19","guid":{"rendered":"http:\/\/www.almargenweb.com.ar\/web\/?p=34496"},"modified":"2021-04-10T14:47:19","modified_gmt":"2021-04-10T17:47:19","slug":"esperanza-y-el-departamento-las-colonias-en-zona-de-riego-medio-segun-los-indices-provinciales","status":"publish","type":"post","link":"https:\/\/www.almargenweb.com.ar\/web\/esperanza-y-el-departamento-las-colonias-en-zona-de-riego-medio-segun-los-indices-provinciales\/","title":{"rendered":"Esperanza y el departamento Las Colonias, en zona de &#8220;riego medio&#8221; seg\u00fan los \u00edndices provinciales"},"content":{"rendered":"\n<p>El ministro de Gesti\u00f3n P\u00fablica de la provincia, Marcos Corach, confirm\u00f3 este viernes en Aire de Santa Fe que entre los departamentos de alto riesgo se encuentra La Capital, adem\u00e1s de Rosario, Caseros, Belgrano, Castellanos y San Lorenzo.<\/p>\n\n\n\n<p>En zona amarilla -riesgo medio-, donde s\u00f3lo hay un indicador elevado, Naci\u00f3n incluye a los siguientes departamentos santafesinos: La Capital, Constituci\u00f3n, General L\u00f3pez, General Obligado, Iriondo, La Capital, San Crist\u00f3bal, San Jer\u00f3nimo, San Justo y San Mart\u00edn; pero seg\u00fan el monitoreo provincial actualizado a la fecha, a estos se suman Vera y Las Colonias, quedando en este rango tambi\u00e9n San Mart\u00edn, San Jer\u00f3nimo y Castellanos.<\/p>\n\n\n\n<figure class=\"wp-block-image size-large\"><img loading=\"lazy\" decoding=\"async\" width=\"1024\" height=\"573\" src=\"https:\/\/www.almargenweb.com.ar\/web\/wp-content\/uploads\/2021\/04\/coronavirus-registro-epidemiologico-4jpg-1024x573.jpg\" alt=\"\" class=\"wp-image-34498\" srcset=\"https:\/\/www.almargenweb.com.ar\/web\/wp-content\/uploads\/2021\/04\/coronavirus-registro-epidemiologico-4jpg-1024x573.jpg 1024w, https:\/\/www.almargenweb.com.ar\/web\/wp-content\/uploads\/2021\/04\/coronavirus-registro-epidemiologico-4jpg-300x168.jpg 300w, https:\/\/www.almargenweb.com.ar\/web\/wp-content\/uploads\/2021\/04\/coronavirus-registro-epidemiologico-4jpg-768x430.jpg 768w, https:\/\/www.almargenweb.com.ar\/web\/wp-content\/uploads\/2021\/04\/coronavirus-registro-epidemiologico-4jpg.jpg 1200w\" sizes=\"auto, (max-width: 1024px) 100vw, 1024px\" \/><figcaption>El departamento las Colonias, con riego m\u00ednimo, seg\u00fan los registros sanitarios de la provincia.<\/figcaption><\/figure>\n\n\n\n<p>En Santa Fe el Gobierno no hizo diferencias por departamentos con alto, mediano o bajo riesgo y aplic\u00f3 las mayores restricciones indicadas por la norma nacional para todo el territorio santafesino.<\/p>\n\n\n\n<p>Las autoridades indicaron que con esto buscan garantizar el control de las mismas, en resguardo de la salud de la sociedad y de la continuidad de la actividad productiva y econ\u00f3mica, adem\u00e1s que insistieron en que se trata de indicadores variables.<\/p>\n\n\n\n<figure class=\"wp-block-image size-large\"><img loading=\"lazy\" decoding=\"async\" width=\"1024\" height=\"574\" src=\"https:\/\/www.almargenweb.com.ar\/web\/wp-content\/uploads\/2021\/04\/coronavirus-registro-epidemiologico-3jpg-1024x574.jpg\" alt=\"\" class=\"wp-image-34499\" srcset=\"https:\/\/www.almargenweb.com.ar\/web\/wp-content\/uploads\/2021\/04\/coronavirus-registro-epidemiologico-3jpg-1024x574.jpg 1024w, https:\/\/www.almargenweb.com.ar\/web\/wp-content\/uploads\/2021\/04\/coronavirus-registro-epidemiologico-3jpg-300x168.jpg 300w, https:\/\/www.almargenweb.com.ar\/web\/wp-content\/uploads\/2021\/04\/coronavirus-registro-epidemiologico-3jpg-768x431.jpg 768w, https:\/\/www.almargenweb.com.ar\/web\/wp-content\/uploads\/2021\/04\/coronavirus-registro-epidemiologico-3jpg.jpg 1200w\" sizes=\"auto, (max-width: 1024px) 100vw, 1024px\" \/><figcaption>Departamento La Capital esta dentro de las zonas de alto riesgo, aunque las medidas que se aplican no son exclusivas.<\/figcaption><\/figure>\n<!-- AddThis Advanced Settings generic via filter on the_content --><!-- AddThis Share Buttons generic via filter on the_content -->","protected":false},"excerpt":{"rendered":"<p>El ministro de Gesti\u00f3n P\u00fablica de la provincia, Marcos Corach, confirm\u00f3 este viernes en Aire de [&hellip;]<!-- AddThis Advanced Settings generic via filter on get_the_excerpt --><!-- AddThis Share Buttons generic via filter on get_the_excerpt --><\/p>\n","protected":false},"author":16,"featured_media":34501,"comment_status":"open","ping_status":"open","sticky":false,"template":"","format":"standard","meta":{"_seopress_robots_primary_cat":"none","_seopress_titles_title":"","_seopress_titles_desc":"","_seopress_robots_index":"","_themeisle_gutenberg_block_has_review":false,"footnotes":""},"categories":[2,20,9,15],"tags":[],"class_list":["post-34496","post","type-post","status-publish","format-standard","has-post-thumbnail","hentry","category-actualidad","category-departamentales","category-politica","category-salud"],"_links":{"self":[{"href":"https:\/\/www.almargenweb.com.ar\/web\/wp-json\/wp\/v2\/posts\/34496","targetHints":{"allow":["GET"]}}],"collection":[{"href":"https:\/\/www.almargenweb.com.ar\/web\/wp-json\/wp\/v2\/posts"}],"about":[{"href":"https:\/\/www.almargenweb.com.ar\/web\/wp-json\/wp\/v2\/types\/post"}],"author":[{"embeddable":true,"href":"https:\/\/www.almargenweb.com.ar\/web\/wp-json\/wp\/v2\/users\/16"}],"replies":[{"embeddable":true,"href":"https:\/\/www.almargenweb.com.ar\/web\/wp-json\/wp\/v2\/comments?post=34496"}],"version-history":[{"count":1,"href":"https:\/\/www.almargenweb.com.ar\/web\/wp-json\/wp\/v2\/posts\/34496\/revisions"}],"predecessor-version":[{"id":34502,"href":"https:\/\/www.almargenweb.com.ar\/web\/wp-json\/wp\/v2\/posts\/34496\/revisions\/34502"}],"wp:featuredmedia":[{"embeddable":true,"href":"https:\/\/www.almargenweb.com.ar\/web\/wp-json\/wp\/v2\/media\/34501"}],"wp:attachment":[{"href":"https:\/\/www.almargenweb.com.ar\/web\/wp-json\/wp\/v2\/media?parent=34496"}],"wp:term":[{"taxonomy":"category","embeddable":true,"href":"https:\/\/www.almargenweb.com.ar\/web\/wp-json\/wp\/v2\/categories?post=34496"},{"taxonomy":"post_tag","embeddable":true,"href":"https:\/\/www.almargenweb.com.ar\/web\/wp-json\/wp\/v2\/tags?post=34496"}],"curies":[{"name":"wp","href":"https:\/\/api.w.org\/{rel}","templated":true}]}}