{"id":34464,"date":"2021-04-07T12:56:47","date_gmt":"2021-04-07T15:56:47","guid":{"rendered":"http:\/\/www.almargenweb.com.ar\/web\/?p=34464"},"modified":"2021-04-07T12:56:48","modified_gmt":"2021-04-07T15:56:48","slug":"cambios-en-la-veda-pesquera-un-nuevo-dia-para-la-actividad-comercial-y-deportiva","status":"publish","type":"post","link":"https:\/\/www.almargenweb.com.ar\/web\/cambios-en-la-veda-pesquera-un-nuevo-dia-para-la-actividad-comercial-y-deportiva\/","title":{"rendered":"Cambios en la veda pesquera; un nuevo d\u00eda para la actividad comercial y deportiva"},"content":{"rendered":"\n<p>Por decisi\u00f3n judicial, se redujo un d\u00eda la veda pesquera por lo que su prohibici\u00f3n regir\u00e1 exclusivamente los viernes, s\u00e1bados, domingos y feriados.<\/p>\n\n\n\n<p>. La medida se extender\u00e1 \u201cpor el plazo de 60 d\u00edas corridos\u201d, a la vez que ratific\u00f3 la resoluci\u00f3n judicial en cuanto a que \u201cla pesca deportiva podr\u00e1 practicarse exclusivamente con devoluci\u00f3n\u201d, informaron fuentes provinciales. <\/p>\n\n\n\n<p>El el 29 de diciembre pasado el juez civil y comercial de Rosario, Luciano Carbajo, resolvi\u00f3 la veda total de pesca ante un planteo de una ONG ambientalista, con el fin de preservar el recurso ict\u00edcola.<\/p>\n\n\n\n<figure class=\"wp-block-image size-large\"><img loading=\"lazy\" decoding=\"async\" width=\"879\" height=\"586\" src=\"https:\/\/www.almargenweb.com.ar\/web\/wp-content\/uploads\/2021\/04\/EYB7JUSV2JEMNHGRPBQH452OGY.jpg\" alt=\"\" class=\"wp-image-34466\" srcset=\"https:\/\/www.almargenweb.com.ar\/web\/wp-content\/uploads\/2021\/04\/EYB7JUSV2JEMNHGRPBQH452OGY.jpg 879w, https:\/\/www.almargenweb.com.ar\/web\/wp-content\/uploads\/2021\/04\/EYB7JUSV2JEMNHGRPBQH452OGY-300x200.jpg 300w, https:\/\/www.almargenweb.com.ar\/web\/wp-content\/uploads\/2021\/04\/EYB7JUSV2JEMNHGRPBQH452OGY-768x512.jpg 768w\" sizes=\"auto, (max-width: 879px) 100vw, 879px\" \/><figcaption>Protesta de pescadores en Santa Fe en protesta de la veda pesquera, en diciembre del a\u00f1o pasado.<\/figcaption><\/figure>\n\n\n\n<p>Ante la reacci\u00f3n de quienes viven de esa actividad, que cortaron el tr\u00e1nsito a modo de protesta en distintos puntos de la provincia, los Poderes Judicial y Ejecutivo constituyeron una mesa de di\u00e1logo y la C\u00e1mara de Apelaciones revoc\u00f3 parcialmente la resoluci\u00f3n, recortando la veda total de pesca a cuatro d\u00edas a la semana.<\/p>\n<!-- AddThis Advanced Settings generic via filter on the_content --><!-- AddThis Share Buttons generic via filter on the_content -->","protected":false},"excerpt":{"rendered":"<p>Por decisi\u00f3n judicial, se redujo un d\u00eda la veda pesquera por lo que su prohibici\u00f3n regir\u00e1 [&hellip;]<!-- AddThis Advanced Settings generic via filter on get_the_excerpt --><!-- AddThis Share Buttons generic via filter on get_the_excerpt --><\/p>\n","protected":false},"author":16,"featured_media":34467,"comment_status":"open","ping_status":"open","sticky":false,"template":"","format":"standard","meta":{"_seopress_robots_primary_cat":"none","_seopress_titles_title":"","_seopress_titles_desc":"","_seopress_robots_index":"","_themeisle_gutenberg_block_has_review":false,"footnotes":""},"categories":[2,9,15],"tags":[],"class_list":["post-34464","post","type-post","status-publish","format-standard","has-post-thumbnail","hentry","category-actualidad","category-politica","category-salud"],"_links":{"self":[{"href":"https:\/\/www.almargenweb.com.ar\/web\/wp-json\/wp\/v2\/posts\/34464","targetHints":{"allow":["GET"]}}],"collection":[{"href":"https:\/\/www.almargenweb.com.ar\/web\/wp-json\/wp\/v2\/posts"}],"about":[{"href":"https:\/\/www.almargenweb.com.ar\/web\/wp-json\/wp\/v2\/types\/post"}],"author":[{"embeddable":true,"href":"https:\/\/www.almargenweb.com.ar\/web\/wp-json\/wp\/v2\/users\/16"}],"replies":[{"embeddable":true,"href":"https:\/\/www.almargenweb.com.ar\/web\/wp-json\/wp\/v2\/comments?post=34464"}],"version-history":[{"count":1,"href":"https:\/\/www.almargenweb.com.ar\/web\/wp-json\/wp\/v2\/posts\/34464\/revisions"}],"predecessor-version":[{"id":34468,"href":"https:\/\/www.almargenweb.com.ar\/web\/wp-json\/wp\/v2\/posts\/34464\/revisions\/34468"}],"wp:featuredmedia":[{"embeddable":true,"href":"https:\/\/www.almargenweb.com.ar\/web\/wp-json\/wp\/v2\/media\/34467"}],"wp:attachment":[{"href":"https:\/\/www.almargenweb.com.ar\/web\/wp-json\/wp\/v2\/media?parent=34464"}],"wp:term":[{"taxonomy":"category","embeddable":true,"href":"https:\/\/www.almargenweb.com.ar\/web\/wp-json\/wp\/v2\/categories?post=34464"},{"taxonomy":"post_tag","embeddable":true,"href":"https:\/\/www.almargenweb.com.ar\/web\/wp-json\/wp\/v2\/tags?post=34464"}],"curies":[{"name":"wp","href":"https:\/\/api.w.org\/{rel}","templated":true}]}}