{"id":34460,"date":"2021-04-07T10:02:06","date_gmt":"2021-04-07T13:02:06","guid":{"rendered":"http:\/\/www.almargenweb.com.ar\/web\/?p=34460"},"modified":"2021-04-07T10:02:07","modified_gmt":"2021-04-07T13:02:07","slug":"el-comercio-asegura-que-una-vuelta-a-las-restricciones-seria-letal-para-la-economia","status":"publish","type":"post","link":"https:\/\/www.almargenweb.com.ar\/web\/el-comercio-asegura-que-una-vuelta-a-las-restricciones-seria-letal-para-la-economia\/","title":{"rendered":"El comercio asegura que una vuelta a las restricciones, seria letal para la econom\u00eda"},"content":{"rendered":"\n<p>Mientras se esperan definiciones a nivel nacional y provincial como consecuencia de la suba de contagios, el sector comercial de Santa Fe se anticip\u00f3 a posibles cambios y lanz\u00f3 un comunicado para advertir que la &#8220;actividad no soportar\u00eda medidas restrictivas&#8221;.<\/p>\n\n\n\n<p>Desde el Centro Comercial advirtieron que &#8220;en momentos de tanta incertidumbre sobre las decisiones gubernamentales a tomar en el corto plazo ante el crecimiento de contagios de coronavirus, ratificamos nuestra posici\u00f3n de manifestar que ser\u00eda absolutamente inoportuna una medida que tienda a restringir la actividad&#8221;.<\/p>\n\n\n\n<p>&#8220;Con la llegada de la denominada &#8216;segunda ola&#8217; debemos asumir nuestro compromiso como sector y mantener vigentes todos los cuidados con la finalidad de preservar la salud de nuestros clientes adem\u00e1s de los empleados y titulares de los comercios de nuestra ciudad&#8221;.<\/p>\n\n\n\n<p><\/p>\n<!-- AddThis Advanced Settings generic via filter on the_content --><!-- AddThis Share Buttons generic via filter on the_content -->","protected":false},"excerpt":{"rendered":"<p>Mientras se esperan definiciones a nivel nacional y provincial como consecuencia de la suba de contagios, [&hellip;]<!-- AddThis Advanced Settings generic via filter on get_the_excerpt --><!-- AddThis Share Buttons generic via filter on get_the_excerpt --><\/p>\n","protected":false},"author":16,"featured_media":34462,"comment_status":"open","ping_status":"open","sticky":false,"template":"","format":"standard","meta":{"_seopress_robots_primary_cat":"none","_seopress_titles_title":"","_seopress_titles_desc":"","_seopress_robots_index":"","_themeisle_gutenberg_block_has_review":false,"footnotes":""},"categories":[2,5,21,47,9,15],"tags":[],"class_list":["post-34460","post","type-post","status-publish","format-standard","has-post-thumbnail","hentry","category-actualidad","category-economia","category-las-colonias","category-locales","category-politica","category-salud"],"_links":{"self":[{"href":"https:\/\/www.almargenweb.com.ar\/web\/wp-json\/wp\/v2\/posts\/34460","targetHints":{"allow":["GET"]}}],"collection":[{"href":"https:\/\/www.almargenweb.com.ar\/web\/wp-json\/wp\/v2\/posts"}],"about":[{"href":"https:\/\/www.almargenweb.com.ar\/web\/wp-json\/wp\/v2\/types\/post"}],"author":[{"embeddable":true,"href":"https:\/\/www.almargenweb.com.ar\/web\/wp-json\/wp\/v2\/users\/16"}],"replies":[{"embeddable":true,"href":"https:\/\/www.almargenweb.com.ar\/web\/wp-json\/wp\/v2\/comments?post=34460"}],"version-history":[{"count":1,"href":"https:\/\/www.almargenweb.com.ar\/web\/wp-json\/wp\/v2\/posts\/34460\/revisions"}],"predecessor-version":[{"id":34463,"href":"https:\/\/www.almargenweb.com.ar\/web\/wp-json\/wp\/v2\/posts\/34460\/revisions\/34463"}],"wp:featuredmedia":[{"embeddable":true,"href":"https:\/\/www.almargenweb.com.ar\/web\/wp-json\/wp\/v2\/media\/34462"}],"wp:attachment":[{"href":"https:\/\/www.almargenweb.com.ar\/web\/wp-json\/wp\/v2\/media?parent=34460"}],"wp:term":[{"taxonomy":"category","embeddable":true,"href":"https:\/\/www.almargenweb.com.ar\/web\/wp-json\/wp\/v2\/categories?post=34460"},{"taxonomy":"post_tag","embeddable":true,"href":"https:\/\/www.almargenweb.com.ar\/web\/wp-json\/wp\/v2\/tags?post=34460"}],"curies":[{"name":"wp","href":"https:\/\/api.w.org\/{rel}","templated":true}]}}