{"id":34433,"date":"2021-04-05T09:24:56","date_gmt":"2021-04-05T12:24:56","guid":{"rendered":"http:\/\/www.almargenweb.com.ar\/web\/?p=34433"},"modified":"2021-04-05T09:24:57","modified_gmt":"2021-04-05T12:24:57","slug":"solicitan-una-vacunacion-uniforme-en-todo-el-territorio-provincial","status":"publish","type":"post","link":"https:\/\/www.almargenweb.com.ar\/web\/solicitan-una-vacunacion-uniforme-en-todo-el-territorio-provincial\/","title":{"rendered":"Solicitan una &#8220;vacunaci\u00f3n uniforme&#8221; en todo el territorio provincial"},"content":{"rendered":"\n<p>A instancia de una iniciativa presentada por el Bloque de Senadores de la Uni\u00f3n C\u00edvica Radical, -aprobada por unanimidad en la \u00faltima sesi\u00f3n del cuerpo-, se solicit\u00f3 al Ministerio de Salud de la Provincia \u201cla implementaci\u00f3n de mecanismos eficaces que posibiliten alcanzar y sostener un porcentaje de vacunaci\u00f3n uniforme sobre la poblaci\u00f3n objetivo a lo largo y a lo ancho del territorio provincial\u201d.<\/p>\n\n\n\n<p>El proyecto de comunicaci\u00f3n aprobado por unanimidad fue suscripto por los senadores Felipe Michlig (San Crist\u00f3bal), Rodrigo Borla (San Justo), Orfilio Marc\u00f3n (General Obligado), Germ\u00e1n Giacomino (Constituci\u00f3n), Lisandro Enrico (General L\u00f3pez) y Leonardo Diana (San Ger\u00f3nimo).<\/p>\n\n\n\n<figure class=\"wp-block-image size-large\"><img loading=\"lazy\" decoding=\"async\" width=\"1024\" height=\"684\" src=\"https:\/\/www.almargenweb.com.ar\/web\/wp-content\/uploads\/2021\/04\/sesion1-1024x684.jpeg\" alt=\"\" class=\"wp-image-34436\" srcset=\"https:\/\/www.almargenweb.com.ar\/web\/wp-content\/uploads\/2021\/04\/sesion1-1024x684.jpeg 1024w, https:\/\/www.almargenweb.com.ar\/web\/wp-content\/uploads\/2021\/04\/sesion1-300x200.jpeg 300w, https:\/\/www.almargenweb.com.ar\/web\/wp-content\/uploads\/2021\/04\/sesion1-768x513.jpeg 768w, https:\/\/www.almargenweb.com.ar\/web\/wp-content\/uploads\/2021\/04\/sesion1.jpeg 1200w\" sizes=\"auto, (max-width: 1024px) 100vw, 1024px\" \/><figcaption>\u201cSolo con organizaci\u00f3n y coordinaci\u00f3n saldremos airosos en la lucha contra la pandemia, lograr una media provincial con criterio equitativo\u201d<\/figcaption><\/figure>\n\n\n\n<p>A su vez, el Pte. del Bloque, Felipe Michlig reclam\u00f3 que \u201cse impulsen y jerarquicen los Comit\u00e9s de Emergencia Departamentales, creados por el Decreto Provincial N\u00b0 0293\/2020, que presiden los Senadores de cada uno de los 19 departamentos ante la llegada de la segunda ola del COVID 19, que va a demandar m\u00e1s que nunca un trabajo coordinado y de colaboraci\u00f3n permanente de todos los actores del sistema sanitario, pol\u00edtico y comunitario en general\u201d, mencion\u00f3.<\/p>\n\n\n\n<p>Felipe Michlig al hacer \u201cun especial llamado a las autoridades provinciales\u201d para que se impulsen y jerarquicen los Comit\u00e9s de Emergencia Departamentales, creados por Decreto del Gobernador Perotti en marzo del 2020, se\u00f1al\u00f3 que \u201cse hace imperioso ante la llegada de la segunda ola del COVID 19, que las autoridades provinciales instrumenten un trabajo conjunto y coordinado con cada uno de los gobiernos locales de cada departamento, que es lo que se hab\u00eda diagramado al comienzo de la pandemia con un buen grado de funcionamiento y buenos resultados\u201d.<\/p>\n<!-- AddThis Advanced Settings generic via filter on the_content --><!-- AddThis Share Buttons generic via filter on the_content -->","protected":false},"excerpt":{"rendered":"<p>A instancia de una iniciativa presentada por el Bloque de Senadores de la Uni\u00f3n C\u00edvica Radical, [&hellip;]<!-- AddThis Advanced Settings generic via filter on get_the_excerpt --><!-- AddThis Share Buttons generic via filter on get_the_excerpt --><\/p>\n","protected":false},"author":16,"featured_media":34435,"comment_status":"open","ping_status":"open","sticky":false,"template":"","format":"standard","meta":{"_seopress_robots_primary_cat":"none","_seopress_titles_title":"","_seopress_titles_desc":"","_seopress_robots_index":"","_themeisle_gutenberg_block_has_review":false,"footnotes":""},"categories":[2,20,140,9,15],"tags":[],"class_list":["post-34433","post","type-post","status-publish","format-standard","has-post-thumbnail","hentry","category-actualidad","category-departamentales","category-nacionales","category-politica","category-salud"],"_links":{"self":[{"href":"https:\/\/www.almargenweb.com.ar\/web\/wp-json\/wp\/v2\/posts\/34433","targetHints":{"allow":["GET"]}}],"collection":[{"href":"https:\/\/www.almargenweb.com.ar\/web\/wp-json\/wp\/v2\/posts"}],"about":[{"href":"https:\/\/www.almargenweb.com.ar\/web\/wp-json\/wp\/v2\/types\/post"}],"author":[{"embeddable":true,"href":"https:\/\/www.almargenweb.com.ar\/web\/wp-json\/wp\/v2\/users\/16"}],"replies":[{"embeddable":true,"href":"https:\/\/www.almargenweb.com.ar\/web\/wp-json\/wp\/v2\/comments?post=34433"}],"version-history":[{"count":1,"href":"https:\/\/www.almargenweb.com.ar\/web\/wp-json\/wp\/v2\/posts\/34433\/revisions"}],"predecessor-version":[{"id":34437,"href":"https:\/\/www.almargenweb.com.ar\/web\/wp-json\/wp\/v2\/posts\/34433\/revisions\/34437"}],"wp:featuredmedia":[{"embeddable":true,"href":"https:\/\/www.almargenweb.com.ar\/web\/wp-json\/wp\/v2\/media\/34435"}],"wp:attachment":[{"href":"https:\/\/www.almargenweb.com.ar\/web\/wp-json\/wp\/v2\/media?parent=34433"}],"wp:term":[{"taxonomy":"category","embeddable":true,"href":"https:\/\/www.almargenweb.com.ar\/web\/wp-json\/wp\/v2\/categories?post=34433"},{"taxonomy":"post_tag","embeddable":true,"href":"https:\/\/www.almargenweb.com.ar\/web\/wp-json\/wp\/v2\/tags?post=34433"}],"curies":[{"name":"wp","href":"https:\/\/api.w.org\/{rel}","templated":true}]}}