{"id":34428,"date":"2021-04-05T08:59:13","date_gmt":"2021-04-05T11:59:13","guid":{"rendered":"http:\/\/www.almargenweb.com.ar\/web\/?p=34428"},"modified":"2021-04-05T15:34:22","modified_gmt":"2021-04-05T18:34:22","slug":"en-argentina-mas-preocupados-por-la-economica-que-por-el-contagio-de-covid","status":"publish","type":"post","link":"https:\/\/www.almargenweb.com.ar\/web\/en-argentina-mas-preocupados-por-la-economica-que-por-el-contagio-de-covid\/","title":{"rendered":"En Argentina, mas preocupados por la econom\u00eda que por el contagio de Covid"},"content":{"rendered":"\n<p>Una encuesta revel\u00f3 que a la mayor parte de los argentinos le preocupan m\u00e1s las consecuencias econ\u00f3micas de la pandemia que infectarse con el virus.<\/p>\n\n\n\n<p>El 55,9% expres\u00f3 que&nbsp;les&nbsp;teme m\u00e1s a las consecuencias econ\u00f3micas, contra el 31,3% que se mostr\u00f3 preocupado por contagiarse de COVID-19. Incluso, entre los mayores de 40 a\u00f1os, la preocupaci\u00f3n por la faceta econ\u00f3mica asciende al 64,4%.&nbsp;<\/p>\n\n\n\n<p>C\u00f3mo la poblaci\u00f3n ve a la situaci\u00f3n econ\u00f3mica con respecto a un a\u00f1o atr\u00e1s. Como era de esperarse, a 13 meses del primer caso de coronavirus confirmado en la Argentina, el 67,7% opin\u00f3 que en ese aspecto el pa\u00eds est\u00e1 peor, mientras que el 12,9% consider\u00f3 que est\u00e1 igual (16,9 mejor y 2,5 NS\/NC).&nbsp;<\/p>\n\n\n\n<figure class=\"wp-block-image size-large is-resized\"><img loading=\"lazy\" decoding=\"async\" src=\"https:\/\/www.almargenweb.com.ar\/web\/wp-content\/uploads\/2021\/04\/pandemia-mexico.jpg\" alt=\"\" class=\"wp-image-34430\" width=\"820\" height=\"492\" srcset=\"https:\/\/www.almargenweb.com.ar\/web\/wp-content\/uploads\/2021\/04\/pandemia-mexico.jpg 750w, https:\/\/www.almargenweb.com.ar\/web\/wp-content\/uploads\/2021\/04\/pandemia-mexico-300x180.jpg 300w\" sizes=\"auto, (max-width: 820px) 100vw, 820px\" \/><figcaption>El estudio fue elaborado por la consultora Management &amp; Fit, quien consult\u00f3 a 2.200 personas de entre 16 y 75 a\u00f1os en todo el pa\u00eds.<\/figcaption><\/figure>\n\n\n\n<p>A su vez, 57,7% de los argentinos se mostr\u00f3 pesimista con respecto a los pr\u00f3ximos meses, es decir que la mayor\u00eda cree que la situaci\u00f3n econ\u00f3mica continuar\u00e1 agrav\u00e1ndose (18,7 piensa que ser\u00e1 mejor y 16,1 igual)&nbsp;<\/p>\n\n\n\n<p>En contrapartida al inter\u00e9s por vacunarse, el 58,9% de los encuestados manifest\u00f3 que no conf\u00eda en que el Gobierno nacional pueda llevar adelante una campa\u00f1a de inmunizaci\u00f3n \u201cjusta y equitativa\u201d, debido a las irregularidades que se fueron registrando en distintos puntos del pa\u00eds, especialmente el caso del \u201cVacunatorio&nbsp;VIP\u201d que llev\u00f3 a cabo el propio ministerio de Salud.&nbsp;<\/p>\n\n\n\n<p><\/p>\n<!-- AddThis Advanced Settings generic via filter on the_content --><!-- AddThis Share Buttons generic via filter on the_content -->","protected":false},"excerpt":{"rendered":"<p>Una encuesta revel\u00f3 que a la mayor parte de los argentinos le preocupan m\u00e1s las consecuencias [&hellip;]<!-- AddThis Advanced Settings generic via filter on get_the_excerpt --><!-- AddThis Share Buttons generic via filter on get_the_excerpt --><\/p>\n","protected":false},"author":16,"featured_media":34431,"comment_status":"open","ping_status":"open","sticky":false,"template":"","format":"standard","meta":{"_seopress_robots_primary_cat":"none","_seopress_titles_title":"","_seopress_titles_desc":"","_seopress_robots_index":"","_themeisle_gutenberg_block_has_review":false,"footnotes":""},"categories":[2,164,5,140,9,15],"tags":[],"class_list":["post-34428","post","type-post","status-publish","format-standard","has-post-thumbnail","hentry","category-actualidad","category-ambiente","category-economia","category-nacionales","category-politica","category-salud"],"_links":{"self":[{"href":"https:\/\/www.almargenweb.com.ar\/web\/wp-json\/wp\/v2\/posts\/34428","targetHints":{"allow":["GET"]}}],"collection":[{"href":"https:\/\/www.almargenweb.com.ar\/web\/wp-json\/wp\/v2\/posts"}],"about":[{"href":"https:\/\/www.almargenweb.com.ar\/web\/wp-json\/wp\/v2\/types\/post"}],"author":[{"embeddable":true,"href":"https:\/\/www.almargenweb.com.ar\/web\/wp-json\/wp\/v2\/users\/16"}],"replies":[{"embeddable":true,"href":"https:\/\/www.almargenweb.com.ar\/web\/wp-json\/wp\/v2\/comments?post=34428"}],"version-history":[{"count":2,"href":"https:\/\/www.almargenweb.com.ar\/web\/wp-json\/wp\/v2\/posts\/34428\/revisions"}],"predecessor-version":[{"id":34440,"href":"https:\/\/www.almargenweb.com.ar\/web\/wp-json\/wp\/v2\/posts\/34428\/revisions\/34440"}],"wp:featuredmedia":[{"embeddable":true,"href":"https:\/\/www.almargenweb.com.ar\/web\/wp-json\/wp\/v2\/media\/34431"}],"wp:attachment":[{"href":"https:\/\/www.almargenweb.com.ar\/web\/wp-json\/wp\/v2\/media?parent=34428"}],"wp:term":[{"taxonomy":"category","embeddable":true,"href":"https:\/\/www.almargenweb.com.ar\/web\/wp-json\/wp\/v2\/categories?post=34428"},{"taxonomy":"post_tag","embeddable":true,"href":"https:\/\/www.almargenweb.com.ar\/web\/wp-json\/wp\/v2\/tags?post=34428"}],"curies":[{"name":"wp","href":"https:\/\/api.w.org\/{rel}","templated":true}]}}