{"id":34403,"date":"2021-04-03T08:50:00","date_gmt":"2021-04-03T11:50:00","guid":{"rendered":"http:\/\/www.almargenweb.com.ar\/web\/?p=34403"},"modified":"2021-04-02T10:12:35","modified_gmt":"2021-04-02T13:12:35","slug":"cada-vez-mas-quietos-el-sedentarismo-afecta-a-4-de-cada-10-argentinos","status":"publish","type":"post","link":"https:\/\/www.almargenweb.com.ar\/web\/cada-vez-mas-quietos-el-sedentarismo-afecta-a-4-de-cada-10-argentinos\/","title":{"rendered":"Cada vez m\u00e1s quietos: el sedentarismo afecta a 4 de cada 10 argentinos"},"content":{"rendered":"\n<p>Casi la mitad de la poblaci\u00f3n argentina admiti\u00f3 estar sentada o acostada todo el d\u00eda, y la pandemia hizo todo peor. Seg\u00fan un estudio del Observatorio de Tendencias Sociales y Empresariales de la Universidad Siglo 21 determin\u00f3 que el 44% de los encuestados dijo que esas son sus conductas cotidianas, al menos en siete ciudades del pa\u00eds relevadas desde que empez\u00f3 el aislamiento por la pandemia de coronavirus.<\/p>\n\n\n\n<p>Tres categor\u00edas para evaluar la pr\u00e1ctica de los encuestados: caminata, actividad moderada y actividad intensa. El 90% de los consultados asegur\u00f3 haber caminado por al menos 10 minutos seguidos en la \u00faltima semana.<\/p>\n\n\n\n<figure class=\"wp-block-image size-large\"><img loading=\"lazy\" decoding=\"async\" width=\"880\" height=\"495\" src=\"https:\/\/www.almargenweb.com.ar\/web\/wp-content\/uploads\/2021\/04\/8efeddfa-72bf-4074-b807-37b4c98b5e3a_16-9-aspect-ratio_default_0.jpg\" alt=\"\" class=\"wp-image-34406\" srcset=\"https:\/\/www.almargenweb.com.ar\/web\/wp-content\/uploads\/2021\/04\/8efeddfa-72bf-4074-b807-37b4c98b5e3a_16-9-aspect-ratio_default_0.jpg 880w, https:\/\/www.almargenweb.com.ar\/web\/wp-content\/uploads\/2021\/04\/8efeddfa-72bf-4074-b807-37b4c98b5e3a_16-9-aspect-ratio_default_0-300x169.jpg 300w, https:\/\/www.almargenweb.com.ar\/web\/wp-content\/uploads\/2021\/04\/8efeddfa-72bf-4074-b807-37b4c98b5e3a_16-9-aspect-ratio_default_0-768x432.jpg 768w\" sizes=\"auto, (max-width: 880px) 100vw, 880px\" \/><figcaption>La mala alimentaci\u00f3n, una vida sedentaria, es un estilo de vida muy com\u00fan entre lo mas j\u00f3venes. Mientras que en adultos, la practica deportiva es un habito diario. <\/figcaption><\/figure>\n\n\n\n<p>Pero, al establecer una mayor intensidad, tanto en el esfuerzo como en el tiempo destinado a la actividad f\u00edsica, esa proporci\u00f3n se reduce a 6 y 5 de cada 10 participantes.<\/p>\n\n\n\n<p>En cuanto a las actividades f\u00edsicas m\u00e1s intensas, solamente 3 de cada 10 personas sostuvieron esta pr\u00e1ctica en 3 d\u00edas de la \u00faltima semana, por al menos 10 minutos seguidos. Adem\u00e1s, cabe destacar que este tipo de actividad es m\u00e1s com\u00fan en hombres, respecto de las mujeres.<\/p>\n<!-- AddThis Advanced Settings generic via filter on the_content --><!-- AddThis Share Buttons generic via filter on the_content -->","protected":false},"excerpt":{"rendered":"<p>Casi la mitad de la poblaci\u00f3n argentina admiti\u00f3 estar sentada o acostada todo el d\u00eda, y [&hellip;]<!-- AddThis Advanced Settings generic via filter on get_the_excerpt --><!-- AddThis Share Buttons generic via filter on get_the_excerpt --><\/p>\n","protected":false},"author":16,"featured_media":34407,"comment_status":"open","ping_status":"open","sticky":false,"template":"","format":"standard","meta":{"_seopress_robots_primary_cat":"none","_seopress_titles_title":"","_seopress_titles_desc":"","_seopress_robots_index":"","_themeisle_gutenberg_block_has_review":false,"footnotes":""},"categories":[2,230,15],"tags":[],"class_list":["post-34403","post","type-post","status-publish","format-standard","has-post-thumbnail","hentry","category-actualidad","category-deportes","category-salud"],"_links":{"self":[{"href":"https:\/\/www.almargenweb.com.ar\/web\/wp-json\/wp\/v2\/posts\/34403","targetHints":{"allow":["GET"]}}],"collection":[{"href":"https:\/\/www.almargenweb.com.ar\/web\/wp-json\/wp\/v2\/posts"}],"about":[{"href":"https:\/\/www.almargenweb.com.ar\/web\/wp-json\/wp\/v2\/types\/post"}],"author":[{"embeddable":true,"href":"https:\/\/www.almargenweb.com.ar\/web\/wp-json\/wp\/v2\/users\/16"}],"replies":[{"embeddable":true,"href":"https:\/\/www.almargenweb.com.ar\/web\/wp-json\/wp\/v2\/comments?post=34403"}],"version-history":[{"count":1,"href":"https:\/\/www.almargenweb.com.ar\/web\/wp-json\/wp\/v2\/posts\/34403\/revisions"}],"predecessor-version":[{"id":34408,"href":"https:\/\/www.almargenweb.com.ar\/web\/wp-json\/wp\/v2\/posts\/34403\/revisions\/34408"}],"wp:featuredmedia":[{"embeddable":true,"href":"https:\/\/www.almargenweb.com.ar\/web\/wp-json\/wp\/v2\/media\/34407"}],"wp:attachment":[{"href":"https:\/\/www.almargenweb.com.ar\/web\/wp-json\/wp\/v2\/media?parent=34403"}],"wp:term":[{"taxonomy":"category","embeddable":true,"href":"https:\/\/www.almargenweb.com.ar\/web\/wp-json\/wp\/v2\/categories?post=34403"},{"taxonomy":"post_tag","embeddable":true,"href":"https:\/\/www.almargenweb.com.ar\/web\/wp-json\/wp\/v2\/tags?post=34403"}],"curies":[{"name":"wp","href":"https:\/\/api.w.org\/{rel}","templated":true}]}}