{"id":34392,"date":"2021-04-01T11:00:50","date_gmt":"2021-04-01T14:00:50","guid":{"rendered":"http:\/\/www.almargenweb.com.ar\/web\/?p=34392"},"modified":"2021-04-01T11:00:51","modified_gmt":"2021-04-01T14:00:51","slug":"la-obra-de-la-ciclovia-sobre-avenida-los-colonizadores-es-ilegal-y-poco-transparente","status":"publish","type":"post","link":"https:\/\/www.almargenweb.com.ar\/web\/la-obra-de-la-ciclovia-sobre-avenida-los-colonizadores-es-ilegal-y-poco-transparente\/","title":{"rendered":"\u201cLa obra de la ciclov\u00eda sobre avenida Los Colonizadores es ilegal y poco transparente\u201d"},"content":{"rendered":"\n<p>El Comit\u00e9 de la UCR \u201cAldo Tessio\u201d acompa\u00f1a al concejal de la UCR, Rodrigo M\u00fcller, en la presentaci\u00f3n de acciones penales por incumplimientos de los deberes del funcionario p\u00fablico en la obra de la ciclov\u00eda que el gobierno municipal llevar\u00e1 adelante sobre avenida de Los Colonizadores.<\/p>\n\n\n\n<p>El espacio radical rechaza el accionar autoritario del gobierno municipal, haciendo o\u00eddos sordos al reclamo de los concejales, de entidades intermedias y de los propios ciudadanos. Las obras p\u00fablicas son en beneficio de todos y es por eso que se deben escuchar todas las voces y aunar esfuerzos en pos del bienestar com\u00fan y mucho m\u00e1s en un tiempo tan dif\u00edcil como el actual.<\/p>\n\n\n\n<p>Al respecto, desde el Comit\u00e9 de la UCR manifestaron que \u201cel Estado municipal no es transparente y est\u00e1 violando abiertamente la ley ya que la obra se adjudic\u00f3 sin licitaci\u00f3n p\u00fablica y tampoco tiene la aprobaci\u00f3n del Concejo Municipal\u201d<\/p>\n\n\n\n<figure class=\"wp-block-image size-large is-resized\"><img loading=\"lazy\" decoding=\"async\" src=\"https:\/\/www.almargenweb.com.ar\/web\/wp-content\/uploads\/2021\/04\/1577636935.jpg\" alt=\"\" class=\"wp-image-34395\" width=\"817\" height=\"543\" srcset=\"https:\/\/www.almargenweb.com.ar\/web\/wp-content\/uploads\/2021\/04\/1577636935.jpg 600w, https:\/\/www.almargenweb.com.ar\/web\/wp-content\/uploads\/2021\/04\/1577636935-300x200.jpg 300w\" sizes=\"auto, (max-width: 817px) 100vw, 817px\" \/><figcaption>M\u00fcller aclar\u00f3 que \u201cuna obra de esta magnitud debe ser adjudicada mediante licitaci\u00f3n p\u00fablica, garantizando la igualdad entre los oferentes y asegurando que el trabajo se lleve a cabo de la mejor manera\u201d.<\/figcaption><\/figure>\n\n\n\n<p>Por su parte, M\u00fcller aclar\u00f3 que \u201cuna obra de esta magnitud debe ser adjudicada mediante licitaci\u00f3n p\u00fablica, garantizando la igualdad entre los oferentes y asegurando que el trabajo se lleve a cabo de la mejor manera\u201d.<\/p>\n\n\n\n<p>\u201cNos preocupa que el municipio quiera iniciar igualmente la obra ya que eso no solo constituye un delito penal sino que tambi\u00e9n podr\u00eda generar un perjuicio a\u00fan mayor para la ciudadan\u00eda ya que se omiti\u00f3 la realizaci\u00f3n de los estudios de impacto ambiental, vial, e h\u00eddrico\u201d, a\u00f1adi\u00f3 el edil.<\/p>\n\n\n\n<p>\u201cEs por todo esto que apoyamos la decisi\u00f3n del concejal M\u00fcller y de los dem\u00e1s concejales de la oposici\u00f3n de iniciar una denuncia penal por no cumplir con los pasos legales indispensables para hacer una obra de esta magnitud. Tambi\u00e9n recurriremos a la Justicia ordinaria para que tome cartas en el asunto por los mismos supuestos\u201d, concluyeron desde el Comit\u00e9.<\/p>\n<!-- AddThis Advanced Settings generic via filter on the_content --><!-- AddThis Share Buttons generic via filter on the_content -->","protected":false},"excerpt":{"rendered":"<p>El Comit\u00e9 de la UCR \u201cAldo Tessio\u201d acompa\u00f1a al concejal de la UCR, Rodrigo M\u00fcller, en [&hellip;]<!-- AddThis Advanced Settings generic via filter on get_the_excerpt --><!-- AddThis Share Buttons generic via filter on get_the_excerpt --><\/p>\n","protected":false},"author":16,"featured_media":34394,"comment_status":"open","ping_status":"open","sticky":false,"template":"","format":"standard","meta":{"_seopress_robots_primary_cat":"none","_seopress_titles_title":"","_seopress_titles_desc":"","_seopress_robots_index":"","_themeisle_gutenberg_block_has_review":false,"footnotes":""},"categories":[2,164,21,47,24,9],"tags":[],"class_list":["post-34392","post","type-post","status-publish","format-standard","has-post-thumbnail","hentry","category-actualidad","category-ambiente","category-las-colonias","category-locales","category-obras-publicas","category-politica"],"_links":{"self":[{"href":"https:\/\/www.almargenweb.com.ar\/web\/wp-json\/wp\/v2\/posts\/34392","targetHints":{"allow":["GET"]}}],"collection":[{"href":"https:\/\/www.almargenweb.com.ar\/web\/wp-json\/wp\/v2\/posts"}],"about":[{"href":"https:\/\/www.almargenweb.com.ar\/web\/wp-json\/wp\/v2\/types\/post"}],"author":[{"embeddable":true,"href":"https:\/\/www.almargenweb.com.ar\/web\/wp-json\/wp\/v2\/users\/16"}],"replies":[{"embeddable":true,"href":"https:\/\/www.almargenweb.com.ar\/web\/wp-json\/wp\/v2\/comments?post=34392"}],"version-history":[{"count":1,"href":"https:\/\/www.almargenweb.com.ar\/web\/wp-json\/wp\/v2\/posts\/34392\/revisions"}],"predecessor-version":[{"id":34396,"href":"https:\/\/www.almargenweb.com.ar\/web\/wp-json\/wp\/v2\/posts\/34392\/revisions\/34396"}],"wp:featuredmedia":[{"embeddable":true,"href":"https:\/\/www.almargenweb.com.ar\/web\/wp-json\/wp\/v2\/media\/34394"}],"wp:attachment":[{"href":"https:\/\/www.almargenweb.com.ar\/web\/wp-json\/wp\/v2\/media?parent=34392"}],"wp:term":[{"taxonomy":"category","embeddable":true,"href":"https:\/\/www.almargenweb.com.ar\/web\/wp-json\/wp\/v2\/categories?post=34392"},{"taxonomy":"post_tag","embeddable":true,"href":"https:\/\/www.almargenweb.com.ar\/web\/wp-json\/wp\/v2\/tags?post=34392"}],"curies":[{"name":"wp","href":"https:\/\/api.w.org\/{rel}","templated":true}]}}