{"id":34371,"date":"2021-03-31T19:40:36","date_gmt":"2021-03-31T22:40:36","guid":{"rendered":"http:\/\/www.almargenweb.com.ar\/web\/?p=34371"},"modified":"2021-03-31T19:40:37","modified_gmt":"2021-03-31T22:40:37","slug":"la-ciclovia-comienza-la-gestion-peronista-se-despide","status":"publish","type":"post","link":"https:\/\/www.almargenweb.com.ar\/web\/la-ciclovia-comienza-la-gestion-peronista-se-despide\/","title":{"rendered":"La ciclov\u00eda comienza, la gesti\u00f3n peronista se despide."},"content":{"rendered":"\n<p>Ana Maria Meiners comenz\u00f3 a despedirse ignorando la voluntad popular. Esta particular actitud, que nada tiene tiene que ver con el concepto social que persigue el partido que representa, deja al justicialismo local sin entender muy bien como llegar a las pr\u00f3ximas elecciones, sin las manchas de limpiar los escombros de una ciclovia.<\/p>\n\n\n\n<p>Los relojes corren y acumulamos a\u00f1os de vivencias que hace a las personas actuar con cierta impunidad. Por sobrada experiencia, los argentinos sabemos que la demagogia e impunidad, en nuestros gobernantes, nunca acaba bien. El problema real comienza cuando, justamente la dirigencia encalla en el poder, y dejan de percibir las emociones del pueblo, con una visi\u00f3n sesgada y fr\u00edgida de la realidad.<\/p>\n\n\n\n<figure class=\"wp-block-image size-large\"><img loading=\"lazy\" decoding=\"async\" width=\"750\" height=\"420\" src=\"https:\/\/www.almargenweb.com.ar\/web\/wp-content\/uploads\/2021\/03\/avenida-750x420-1.jpg\" alt=\"\" class=\"wp-image-34377\" srcset=\"https:\/\/www.almargenweb.com.ar\/web\/wp-content\/uploads\/2021\/03\/avenida-750x420-1.jpg 750w, https:\/\/www.almargenweb.com.ar\/web\/wp-content\/uploads\/2021\/03\/avenida-750x420-1-300x168.jpg 300w\" sizes=\"auto, (max-width: 750px) 100vw, 750px\" \/><figcaption>El lunes comienza el obrador que pondr\u00e1 una ciclov\u00eda en el cantero central de Av. Los Colonizadores, removiendo las esculturas de Eva Borla. La obra  de $26 millones, sin licitaci\u00f3n, fue adjudicada a una constructora lacaya del Municipio. <\/figcaption><\/figure>\n\n\n\n<p>En un a\u00f1o electoral, con la segunda ola de covid amenazando el estado sanitario nacional, Meiners decidi\u00f3 dar marcha a todo vapor, en la construcci\u00f3n de la (tristemente) c\u00e9lebre Ciclov\u00eda de Avenida de los Colonizadores. Sin reparo en los protocolos de revisi\u00f3n y licitaci\u00f3n, que amerita una construcci\u00f3n de tal envergadura, cedi\u00f3 el contrato de obra a una constructora amiga. Reminiscencia de la \u2018d\u00e9cada ganada\u2019.<\/p>\n\n\n\n<p>En este marco, el s\u00e9quito oficialista, que observa y asiente en actitud pasiva, como quien no quiere contradecir a la abuela ya longeva, solo se encarga de desmentir las publicaciones de los medios y vociferar que respetan y bregan por el arte.<\/p>\n\n\n\n<p>Por cierto; la misma empresa constructora, que seg\u00fan entiende la gesti\u00f3n Meiners, tambi\u00e9n se especializa en traslados de esculturas asentadas en adobe y yeso, sera la encargada de la remoci\u00f3n y cuidado de las obras de Erni Borla. Sobran suspicacias y faltan aclaraciones.<\/p>\n<!-- AddThis Advanced Settings generic via filter on the_content --><!-- AddThis Share Buttons generic via filter on the_content -->","protected":false},"excerpt":{"rendered":"<p>Ana Maria Meiners comenz\u00f3 a despedirse ignorando la voluntad popular. Esta particular actitud, que nada tiene [&hellip;]<!-- AddThis Advanced Settings generic via filter on get_the_excerpt --><!-- AddThis Share Buttons generic via filter on get_the_excerpt --><\/p>\n","protected":false},"author":16,"featured_media":34376,"comment_status":"open","ping_status":"open","sticky":false,"template":"","format":"standard","meta":{"_seopress_robots_primary_cat":"none","_seopress_titles_title":"","_seopress_titles_desc":"","_seopress_robots_index":"","_themeisle_gutenberg_block_has_review":false,"footnotes":""},"categories":[2,5,21,47,24,9],"tags":[],"class_list":["post-34371","post","type-post","status-publish","format-standard","has-post-thumbnail","hentry","category-actualidad","category-economia","category-las-colonias","category-locales","category-obras-publicas","category-politica"],"_links":{"self":[{"href":"https:\/\/www.almargenweb.com.ar\/web\/wp-json\/wp\/v2\/posts\/34371","targetHints":{"allow":["GET"]}}],"collection":[{"href":"https:\/\/www.almargenweb.com.ar\/web\/wp-json\/wp\/v2\/posts"}],"about":[{"href":"https:\/\/www.almargenweb.com.ar\/web\/wp-json\/wp\/v2\/types\/post"}],"author":[{"embeddable":true,"href":"https:\/\/www.almargenweb.com.ar\/web\/wp-json\/wp\/v2\/users\/16"}],"replies":[{"embeddable":true,"href":"https:\/\/www.almargenweb.com.ar\/web\/wp-json\/wp\/v2\/comments?post=34371"}],"version-history":[{"count":1,"href":"https:\/\/www.almargenweb.com.ar\/web\/wp-json\/wp\/v2\/posts\/34371\/revisions"}],"predecessor-version":[{"id":34378,"href":"https:\/\/www.almargenweb.com.ar\/web\/wp-json\/wp\/v2\/posts\/34371\/revisions\/34378"}],"wp:featuredmedia":[{"embeddable":true,"href":"https:\/\/www.almargenweb.com.ar\/web\/wp-json\/wp\/v2\/media\/34376"}],"wp:attachment":[{"href":"https:\/\/www.almargenweb.com.ar\/web\/wp-json\/wp\/v2\/media?parent=34371"}],"wp:term":[{"taxonomy":"category","embeddable":true,"href":"https:\/\/www.almargenweb.com.ar\/web\/wp-json\/wp\/v2\/categories?post=34371"},{"taxonomy":"post_tag","embeddable":true,"href":"https:\/\/www.almargenweb.com.ar\/web\/wp-json\/wp\/v2\/tags?post=34371"}],"curies":[{"name":"wp","href":"https:\/\/api.w.org\/{rel}","templated":true}]}}