{"id":34363,"date":"2021-03-31T10:28:34","date_gmt":"2021-03-31T13:28:34","guid":{"rendered":"http:\/\/www.almargenweb.com.ar\/web\/?p=34363"},"modified":"2021-03-31T10:28:35","modified_gmt":"2021-03-31T13:28:35","slug":"aumentan-el-presupuesto-destinado-a-combatir-incendios","status":"publish","type":"post","link":"https:\/\/www.almargenweb.com.ar\/web\/aumentan-el-presupuesto-destinado-a-combatir-incendios\/","title":{"rendered":"Aumentan el presupuesto destinado a combatir incendios"},"content":{"rendered":"\n<p>El presupuesto para el \u00e1rea del Servicio Nacional de Manejo del Fuego ser\u00e1 este a\u00f1o siete veces m\u00e1s que lo ejecutado en el 2020 y 15 veces lo gastado en el 2019, en el marco de una ampliaci\u00f3n presupuestaria para esa cartera del orden del 300%, inform\u00f3 el Ministerio de Ambiente.<\/p>\n\n\n\n<p>El presupuesto 2021 de la cartera que conduce Cabandi\u00e9 crece m\u00e1s de un 300 % con respecto a lo ejecutado en 2020. Tambi\u00e9n se increment\u00f3 la inversi\u00f3n para las obras de gesti\u00f3n integral de residuos s\u00f3lidos urbanos que se ejecutan con financiamiento externo a trav\u00e9s de un cr\u00e9dito BID.<\/p>\n\n\n\n<figure class=\"wp-block-image size-large\"><img loading=\"lazy\" decoding=\"async\" width=\"1024\" height=\"576\" src=\"https:\/\/www.almargenweb.com.ar\/web\/wp-content\/uploads\/2021\/03\/incendios-en-la-patagonia-2021-1-1024x576.jpg\" alt=\"\" class=\"wp-image-34367\" srcset=\"https:\/\/www.almargenweb.com.ar\/web\/wp-content\/uploads\/2021\/03\/incendios-en-la-patagonia-2021-1-1024x576.jpg 1024w, https:\/\/www.almargenweb.com.ar\/web\/wp-content\/uploads\/2021\/03\/incendios-en-la-patagonia-2021-1-300x169.jpg 300w, https:\/\/www.almargenweb.com.ar\/web\/wp-content\/uploads\/2021\/03\/incendios-en-la-patagonia-2021-1-768x432.jpg 768w, https:\/\/www.almargenweb.com.ar\/web\/wp-content\/uploads\/2021\/03\/incendios-en-la-patagonia-2021-1.jpg 1200w\" sizes=\"auto, (max-width: 1024px) 100vw, 1024px\" \/><figcaption>Seg\u00fan las autoridades, hay activos seis fuegos, uno en la provincia de R\u00edo Negro y otro seis en la de Chubut. Se manejan dos hip\u00f3tesis: una indica que fue \u201cintencional con fines comerciales\u201d. Otra indica que podr\u00eda deberse a \u201cfallas el\u00e9ctricas\u201d en un transformador, por el roce del cableado en la &#8220;zona cero.&#8221;<\/figcaption><\/figure>\n\n\n\n<p>El pr\u00e9stamo BID 3249\/OC-AR que financia el Programa de Gesti\u00f3n Integral de Residuos S\u00f3lidos Urbanos tambi\u00e9n aument\u00f3 $ 1.937 millones, de esta manera, se eleva a un total de $ 2778 millones que la cartera ambiental nacional ejecutar\u00e1<\/p>\n<!-- AddThis Advanced Settings generic via filter on the_content --><!-- AddThis Share Buttons generic via filter on the_content -->","protected":false},"excerpt":{"rendered":"<p>El presupuesto para el \u00e1rea del Servicio Nacional de Manejo del Fuego ser\u00e1 este a\u00f1o siete [&hellip;]<!-- AddThis Advanced Settings generic via filter on get_the_excerpt --><!-- AddThis Share Buttons generic via filter on get_the_excerpt --><\/p>\n","protected":false},"author":16,"featured_media":34366,"comment_status":"open","ping_status":"open","sticky":false,"template":"","format":"standard","meta":{"_seopress_robots_primary_cat":"none","_seopress_titles_title":"","_seopress_titles_desc":"","_seopress_robots_index":"","_themeisle_gutenberg_block_has_review":false,"footnotes":""},"categories":[2,164,5,140,9,15],"tags":[],"class_list":["post-34363","post","type-post","status-publish","format-standard","has-post-thumbnail","hentry","category-actualidad","category-ambiente","category-economia","category-nacionales","category-politica","category-salud"],"_links":{"self":[{"href":"https:\/\/www.almargenweb.com.ar\/web\/wp-json\/wp\/v2\/posts\/34363","targetHints":{"allow":["GET"]}}],"collection":[{"href":"https:\/\/www.almargenweb.com.ar\/web\/wp-json\/wp\/v2\/posts"}],"about":[{"href":"https:\/\/www.almargenweb.com.ar\/web\/wp-json\/wp\/v2\/types\/post"}],"author":[{"embeddable":true,"href":"https:\/\/www.almargenweb.com.ar\/web\/wp-json\/wp\/v2\/users\/16"}],"replies":[{"embeddable":true,"href":"https:\/\/www.almargenweb.com.ar\/web\/wp-json\/wp\/v2\/comments?post=34363"}],"version-history":[{"count":1,"href":"https:\/\/www.almargenweb.com.ar\/web\/wp-json\/wp\/v2\/posts\/34363\/revisions"}],"predecessor-version":[{"id":34368,"href":"https:\/\/www.almargenweb.com.ar\/web\/wp-json\/wp\/v2\/posts\/34363\/revisions\/34368"}],"wp:featuredmedia":[{"embeddable":true,"href":"https:\/\/www.almargenweb.com.ar\/web\/wp-json\/wp\/v2\/media\/34366"}],"wp:attachment":[{"href":"https:\/\/www.almargenweb.com.ar\/web\/wp-json\/wp\/v2\/media?parent=34363"}],"wp:term":[{"taxonomy":"category","embeddable":true,"href":"https:\/\/www.almargenweb.com.ar\/web\/wp-json\/wp\/v2\/categories?post=34363"},{"taxonomy":"post_tag","embeddable":true,"href":"https:\/\/www.almargenweb.com.ar\/web\/wp-json\/wp\/v2\/tags?post=34363"}],"curies":[{"name":"wp","href":"https:\/\/api.w.org\/{rel}","templated":true}]}}