{"id":34345,"date":"2021-03-30T10:00:00","date_gmt":"2021-03-30T13:00:00","guid":{"rendered":"http:\/\/www.almargenweb.com.ar\/web\/?p=34345"},"modified":"2021-03-30T08:00:34","modified_gmt":"2021-03-30T11:00:34","slug":"menos-empleo-formal-se-perdieron-200-mil-empleos-registrados-y-aumenta-la-asistencia-social","status":"publish","type":"post","link":"https:\/\/www.almargenweb.com.ar\/web\/menos-empleo-formal-se-perdieron-200-mil-empleos-registrados-y-aumenta-la-asistencia-social\/","title":{"rendered":"Menos empleo formal; se perdieron 200 mil empleos registrados y aumenta la asistencia social"},"content":{"rendered":"\n<p>Un informe privado que repasa el impacto de la pandemia en el mercado laboral del pa\u00eds, revela que el empleo no asalariado (cuentapropista) creci\u00f3 en 150 mil personas, mientras que el empleo asalariado registrado (privado y p\u00fablico) cay\u00f3 en aproximadamente 200 mil personas<\/p>\n\n\n\n<p>Estos datos muestran que el ajuste en el mercado laboral se concentr\u00f3 en el empleo asalariado no registrado. Las medidas para preservar el empleo, como la prohibici\u00f3n de despidos \u2013que todav\u00eda est\u00e1 vigente\u2013, los subsidios al salario \u2013los ATP\u2013 y otras disposiciones adoptadas en la negociaci\u00f3n colectiva fueron relativamente exitosas en el sector formal<\/p>\n\n\n\n<figure class=\"wp-block-image size-large\"><img loading=\"lazy\" decoding=\"async\" width=\"1024\" height=\"592\" src=\"https:\/\/www.almargenweb.com.ar\/web\/wp-content\/uploads\/2021\/03\/Pobreza-1024x592.jpg\" alt=\"\" class=\"wp-image-34347\" srcset=\"https:\/\/www.almargenweb.com.ar\/web\/wp-content\/uploads\/2021\/03\/Pobreza-1024x592.jpg 1024w, https:\/\/www.almargenweb.com.ar\/web\/wp-content\/uploads\/2021\/03\/Pobreza-300x174.jpg 300w, https:\/\/www.almargenweb.com.ar\/web\/wp-content\/uploads\/2021\/03\/Pobreza-768x444.jpg 768w, https:\/\/www.almargenweb.com.ar\/web\/wp-content\/uploads\/2021\/03\/Pobreza.jpg 1070w\" sizes=\"auto, (max-width: 1024px) 100vw, 1024px\" \/><figcaption>Crecientes cantidades de hogares tienen dificultad para acceder a una seguridad alimenticia, creciendo la dependencia a asistencia social<\/figcaption><\/figure>\n\n\n\n<p>El Ministerio de Trabajo estima que en el 4\u00b0 trimestre del 2020, respecto a igual periodo del a\u00f1o anterior, hay 500 mil personas m\u00e1s que pasaron a la inactividad laboral (no trabajan ni buscan trabajo) y otras 300 mil personas m\u00e1s que se declaran desocupadas (no tienen trabajo pero buscan activamente uno). La pandemia acumula un saldo de 800 mil personas que perdieron su trabajo.<\/p>\n\n\n\n<p>Crecientes cantidades de hogares tienen dependencia estructural de la asistencia social. Esto es un condicionante muy severo para ejercer el derecho a voto con libertad de criterio.<\/p>\n\n\n\n<p><\/p>\n\n\n\n<p><\/p>\n<!-- AddThis Advanced Settings generic via filter on the_content --><!-- AddThis Share Buttons generic via filter on the_content -->","protected":false},"excerpt":{"rendered":"<p>Un informe privado que repasa el impacto de la pandemia en el mercado laboral del pa\u00eds, [&hellip;]<!-- AddThis Advanced Settings generic via filter on get_the_excerpt --><!-- AddThis Share Buttons generic via filter on get_the_excerpt --><\/p>\n","protected":false},"author":16,"featured_media":34348,"comment_status":"open","ping_status":"open","sticky":false,"template":"","format":"standard","meta":{"_seopress_robots_primary_cat":"none","_seopress_titles_title":"","_seopress_titles_desc":"","_seopress_robots_index":"","_themeisle_gutenberg_block_has_review":false,"footnotes":""},"categories":[2,5,9,15],"tags":[],"class_list":["post-34345","post","type-post","status-publish","format-standard","has-post-thumbnail","hentry","category-actualidad","category-economia","category-politica","category-salud"],"_links":{"self":[{"href":"https:\/\/www.almargenweb.com.ar\/web\/wp-json\/wp\/v2\/posts\/34345","targetHints":{"allow":["GET"]}}],"collection":[{"href":"https:\/\/www.almargenweb.com.ar\/web\/wp-json\/wp\/v2\/posts"}],"about":[{"href":"https:\/\/www.almargenweb.com.ar\/web\/wp-json\/wp\/v2\/types\/post"}],"author":[{"embeddable":true,"href":"https:\/\/www.almargenweb.com.ar\/web\/wp-json\/wp\/v2\/users\/16"}],"replies":[{"embeddable":true,"href":"https:\/\/www.almargenweb.com.ar\/web\/wp-json\/wp\/v2\/comments?post=34345"}],"version-history":[{"count":1,"href":"https:\/\/www.almargenweb.com.ar\/web\/wp-json\/wp\/v2\/posts\/34345\/revisions"}],"predecessor-version":[{"id":34349,"href":"https:\/\/www.almargenweb.com.ar\/web\/wp-json\/wp\/v2\/posts\/34345\/revisions\/34349"}],"wp:featuredmedia":[{"embeddable":true,"href":"https:\/\/www.almargenweb.com.ar\/web\/wp-json\/wp\/v2\/media\/34348"}],"wp:attachment":[{"href":"https:\/\/www.almargenweb.com.ar\/web\/wp-json\/wp\/v2\/media?parent=34345"}],"wp:term":[{"taxonomy":"category","embeddable":true,"href":"https:\/\/www.almargenweb.com.ar\/web\/wp-json\/wp\/v2\/categories?post=34345"},{"taxonomy":"post_tag","embeddable":true,"href":"https:\/\/www.almargenweb.com.ar\/web\/wp-json\/wp\/v2\/tags?post=34345"}],"curies":[{"name":"wp","href":"https:\/\/api.w.org\/{rel}","templated":true}]}}