{"id":34306,"date":"2021-03-27T10:26:04","date_gmt":"2021-03-27T13:26:04","guid":{"rendered":"http:\/\/www.almargenweb.com.ar\/web\/?p=34306"},"modified":"2021-03-27T10:29:43","modified_gmt":"2021-03-27T13:29:43","slug":"gessler-cierran-la-atencion-al-publico-en-los-bares-por-14-dias-solo-habra-delivery","status":"publish","type":"post","link":"https:\/\/www.almargenweb.com.ar\/web\/gessler-cierran-la-atencion-al-publico-en-los-bares-por-14-dias-solo-habra-delivery\/","title":{"rendered":"Gessler: Cierran la atenci\u00f3n al p\u00fablico en los bares por 14 d\u00edas, s\u00f3lo habr\u00e1 delivery"},"content":{"rendered":"\n<p>En el d\u00eda de ayer viernes, las autoridades comunales de Gessler, un pueblo con algo m\u00e1s de 1.000 habitantes, ubicado en el Departamento San Jer\u00f3nimo, informaron que la decisi\u00f3n fue tomada en conjunto con el SANCO de esa localidad. <\/p>\n\n\n\n<p>El aumento en la curva de contagios, fue determinante al momento de decidir los pasos a seguir en materia de prevenci\u00f3n sanitaria, teniendo en cuenta que Argentina se prepara para recibir la segunda ola de Covid-19.<\/p>\n\n\n\n<p>Si bien las autoridades sanitarias de Gessler anunciaron que esta medida sera efectiva solo por 14 d\u00edas, se espera que la mencionada &#8220;segunda ola&#8221; llegue a nuestro pa\u00eds entrado el invierno, muchos especialistas afirman que se podr\u00eda acelerar debido a la mutaci\u00f3n brasilera, conocida esta variante como Manaos o P1.  <\/p>\n\n\n\n<figure class=\"wp-block-image size-large\"><img loading=\"lazy\" decoding=\"async\" width=\"972\" height=\"546\" src=\"https:\/\/www.almargenweb.com.ar\/web\/wp-content\/uploads\/2021\/03\/Samco-Gessler-Fachada.jpg\" alt=\"\" class=\"wp-image-34309\" srcset=\"https:\/\/www.almargenweb.com.ar\/web\/wp-content\/uploads\/2021\/03\/Samco-Gessler-Fachada.jpg 972w, https:\/\/www.almargenweb.com.ar\/web\/wp-content\/uploads\/2021\/03\/Samco-Gessler-Fachada-300x169.jpg 300w, https:\/\/www.almargenweb.com.ar\/web\/wp-content\/uploads\/2021\/03\/Samco-Gessler-Fachada-768x431.jpg 768w\" sizes=\"auto, (max-width: 972px) 100vw, 972px\" \/><figcaption>Con la fin de reducir las aglomeraciones, en un pueblo con algo m\u00e1s de 1.000 habitantes, decidieron cerrar bares y comedores.<\/figcaption><\/figure>\n\n\n\n<p>Mientras el vecino pa\u00eds se encuentra en estado de alerta m\u00e1xima, con un sistema sanitario colapsado, desde el Gobierno Nacional afirman que aun no sera necesario una retroceso de fase. Sin embargo, la OMS declaro el estado de &#8220;emergencia&#8221; en todo el Cono Sur, hecho que puso a Brasil bajo la lupa de los dirigentes mundiales, prohibiendo las rutas de vuelos al mencionado pais.<\/p>\n\n\n\n<p> Mientras tanto, en muchos pueblos y ciudades del interior, las medidas de prevenci\u00f3n comenzaron a acentuarse luego de un verano donde los cuidados epidemiologicos se fueron olvidando. <\/p>\n<!-- AddThis Advanced Settings generic via filter on the_content --><!-- AddThis Share Buttons generic via filter on the_content -->","protected":false},"excerpt":{"rendered":"<p>En el d\u00eda de ayer viernes, las autoridades comunales de Gessler, un pueblo con algo m\u00e1s [&hellip;]<!-- AddThis Advanced Settings generic via filter on get_the_excerpt --><!-- AddThis Share Buttons generic via filter on get_the_excerpt --><\/p>\n","protected":false},"author":16,"featured_media":34308,"comment_status":"open","ping_status":"open","sticky":false,"template":"","format":"standard","meta":{"_seopress_robots_primary_cat":"none","_seopress_titles_title":"","_seopress_titles_desc":"","_seopress_robots_index":"","_themeisle_gutenberg_block_has_review":false,"footnotes":""},"categories":[2,20,15],"tags":[],"class_list":["post-34306","post","type-post","status-publish","format-standard","has-post-thumbnail","hentry","category-actualidad","category-departamentales","category-salud"],"_links":{"self":[{"href":"https:\/\/www.almargenweb.com.ar\/web\/wp-json\/wp\/v2\/posts\/34306","targetHints":{"allow":["GET"]}}],"collection":[{"href":"https:\/\/www.almargenweb.com.ar\/web\/wp-json\/wp\/v2\/posts"}],"about":[{"href":"https:\/\/www.almargenweb.com.ar\/web\/wp-json\/wp\/v2\/types\/post"}],"author":[{"embeddable":true,"href":"https:\/\/www.almargenweb.com.ar\/web\/wp-json\/wp\/v2\/users\/16"}],"replies":[{"embeddable":true,"href":"https:\/\/www.almargenweb.com.ar\/web\/wp-json\/wp\/v2\/comments?post=34306"}],"version-history":[{"count":2,"href":"https:\/\/www.almargenweb.com.ar\/web\/wp-json\/wp\/v2\/posts\/34306\/revisions"}],"predecessor-version":[{"id":34311,"href":"https:\/\/www.almargenweb.com.ar\/web\/wp-json\/wp\/v2\/posts\/34306\/revisions\/34311"}],"wp:featuredmedia":[{"embeddable":true,"href":"https:\/\/www.almargenweb.com.ar\/web\/wp-json\/wp\/v2\/media\/34308"}],"wp:attachment":[{"href":"https:\/\/www.almargenweb.com.ar\/web\/wp-json\/wp\/v2\/media?parent=34306"}],"wp:term":[{"taxonomy":"category","embeddable":true,"href":"https:\/\/www.almargenweb.com.ar\/web\/wp-json\/wp\/v2\/categories?post=34306"},{"taxonomy":"post_tag","embeddable":true,"href":"https:\/\/www.almargenweb.com.ar\/web\/wp-json\/wp\/v2\/tags?post=34306"}],"curies":[{"name":"wp","href":"https:\/\/api.w.org\/{rel}","templated":true}]}}