{"id":34294,"date":"2021-03-26T08:44:15","date_gmt":"2021-03-26T11:44:15","guid":{"rendered":"http:\/\/www.almargenweb.com.ar\/web\/?p=34294"},"modified":"2021-03-26T08:44:17","modified_gmt":"2021-03-26T11:44:17","slug":"el-desempleo-termino-el-2020-en-el-11-afecta-a-mas-de-2-200-000-de-personas","status":"publish","type":"post","link":"https:\/\/www.almargenweb.com.ar\/web\/el-desempleo-termino-el-2020-en-el-11-afecta-a-mas-de-2-200-000-de-personas\/","title":{"rendered":"El desempleo termin\u00f3 el 2020 en el 11%: afecta a m\u00e1s de 2.200.000 de personas"},"content":{"rendered":"\n<p>La tasa de desocupaci\u00f3n se ubic\u00f3 en el 11% a fines del 2020 y hay 1.400.000 desempleados en los aglomerados relevados por el Indec, que proyectados a todo el pa\u00eds representan m\u00e1s de 2.200.000 personas en esa cr\u00edtica situaci\u00f3n.<\/p>\n\n\n\n<p>Como el organismo no cubre la totalidad del pa\u00eds, sino una mayor parte de las zonas urbanas, es necesario proyectar las cifras para tener una idea m\u00e1s precisa de a cu\u00e1ntas personas afecta el desempleo.<\/p>\n\n\n\n<figure class=\"wp-block-image size-large\"><img loading=\"lazy\" decoding=\"async\" width=\"655\" height=\"360\" src=\"https:\/\/www.almargenweb.com.ar\/web\/wp-content\/uploads\/2021\/03\/Los-10-mejores-websites-para-buscar-empleo-en-Mexico-1.jpg\" alt=\"\" class=\"wp-image-34297\" srcset=\"https:\/\/www.almargenweb.com.ar\/web\/wp-content\/uploads\/2021\/03\/Los-10-mejores-websites-para-buscar-empleo-en-Mexico-1.jpg 655w, https:\/\/www.almargenweb.com.ar\/web\/wp-content\/uploads\/2021\/03\/Los-10-mejores-websites-para-buscar-empleo-en-Mexico-1-300x165.jpg 300w\" sizes=\"auto, (max-width: 655px) 100vw, 655px\" \/><figcaption>Por su condici\u00f3n de administrativa, el \u201cGran Santa Fe\u201d generalmente \u201caguanta un poco m\u00e1s en periodos recesivos\u201d, tambi\u00e9n tuvo un duro golpe.<\/figcaption><\/figure>\n\n\n\n<p>Otro aspecto tambi\u00e9n dram\u00e1tico que reflejan las mediciones p\u00fablicas es la cantidad de subocupados -quienes trabajan menos de 35 horas semanales-, que pas\u00f3 del 13,4% en el tercer trimestre trimestre al 15,1% en el cuarto, mientras que un a\u00f1o atr\u00e1s era del 13,1%.<\/p>\n<!-- AddThis Advanced Settings generic via filter on the_content --><!-- AddThis Share Buttons generic via filter on the_content -->","protected":false},"excerpt":{"rendered":"<p>La tasa de desocupaci\u00f3n se ubic\u00f3 en el 11% a fines del 2020 y hay 1.400.000 [&hellip;]<!-- AddThis Advanced Settings generic via filter on get_the_excerpt --><!-- AddThis Share Buttons generic via filter on get_the_excerpt --><\/p>\n","protected":false},"author":16,"featured_media":34298,"comment_status":"open","ping_status":"open","sticky":false,"template":"","format":"standard","meta":{"_seopress_robots_primary_cat":"none","_seopress_titles_title":"","_seopress_titles_desc":"","_seopress_robots_index":"","_themeisle_gutenberg_block_has_review":false,"footnotes":""},"categories":[2,164,5,9,15],"tags":[],"class_list":["post-34294","post","type-post","status-publish","format-standard","has-post-thumbnail","hentry","category-actualidad","category-ambiente","category-economia","category-politica","category-salud"],"_links":{"self":[{"href":"https:\/\/www.almargenweb.com.ar\/web\/wp-json\/wp\/v2\/posts\/34294","targetHints":{"allow":["GET"]}}],"collection":[{"href":"https:\/\/www.almargenweb.com.ar\/web\/wp-json\/wp\/v2\/posts"}],"about":[{"href":"https:\/\/www.almargenweb.com.ar\/web\/wp-json\/wp\/v2\/types\/post"}],"author":[{"embeddable":true,"href":"https:\/\/www.almargenweb.com.ar\/web\/wp-json\/wp\/v2\/users\/16"}],"replies":[{"embeddable":true,"href":"https:\/\/www.almargenweb.com.ar\/web\/wp-json\/wp\/v2\/comments?post=34294"}],"version-history":[{"count":1,"href":"https:\/\/www.almargenweb.com.ar\/web\/wp-json\/wp\/v2\/posts\/34294\/revisions"}],"predecessor-version":[{"id":34299,"href":"https:\/\/www.almargenweb.com.ar\/web\/wp-json\/wp\/v2\/posts\/34294\/revisions\/34299"}],"wp:featuredmedia":[{"embeddable":true,"href":"https:\/\/www.almargenweb.com.ar\/web\/wp-json\/wp\/v2\/media\/34298"}],"wp:attachment":[{"href":"https:\/\/www.almargenweb.com.ar\/web\/wp-json\/wp\/v2\/media?parent=34294"}],"wp:term":[{"taxonomy":"category","embeddable":true,"href":"https:\/\/www.almargenweb.com.ar\/web\/wp-json\/wp\/v2\/categories?post=34294"},{"taxonomy":"post_tag","embeddable":true,"href":"https:\/\/www.almargenweb.com.ar\/web\/wp-json\/wp\/v2\/tags?post=34294"}],"curies":[{"name":"wp","href":"https:\/\/api.w.org\/{rel}","templated":true}]}}