{"id":34238,"date":"2021-03-23T08:10:15","date_gmt":"2021-03-23T11:10:15","guid":{"rendered":"http:\/\/www.almargenweb.com.ar\/web\/?p=34238"},"modified":"2021-03-23T08:10:16","modified_gmt":"2021-03-23T11:10:16","slug":"segun-advierten-las-mascotas-son-susceptibles-a-la-variante-britanica-de-covid-19","status":"publish","type":"post","link":"https:\/\/www.almargenweb.com.ar\/web\/segun-advierten-las-mascotas-son-susceptibles-a-la-variante-britanica-de-covid-19\/","title":{"rendered":"Seg\u00fan advierten, las mascotas son susceptibles a la variante brit\u00e1nica de Covid-19"},"content":{"rendered":"\n<p>Especialistas de un hospital veterinario en el sudeste de Inglaterra advirtieron en un estudio publicado en el pa\u00eds anglosaj\u00f3n, sobre manifestaciones &#8220;at\u00edpicas&#8221; en las que se encuentran; anomal\u00edas card\u00edacas graves y un deterioro profundo del estado de salud en perros y gatos infectados con la variante brit\u00e1nica de coronavirus.<\/p>\n\n\n\n<p>En este estudio, los investigadores reportaron &#8220;los primeros casos de infecci\u00f3n de perros y gatos dom\u00e9sticos por la variante brit\u00e1nica B.1.1.7 del SARS-CoV-2 diagnosticada en un hospital veterinario especializado.<\/p>\n\n\n\n<figure class=\"wp-block-image size-large\"><img loading=\"lazy\" decoding=\"async\" width=\"720\" height=\"405\" src=\"https:\/\/www.almargenweb.com.ar\/web\/wp-content\/uploads\/2021\/03\/1584361192_820498_1584361306_noticia_normal_recorte1.jpg\" alt=\"\" class=\"wp-image-34241\" srcset=\"https:\/\/www.almargenweb.com.ar\/web\/wp-content\/uploads\/2021\/03\/1584361192_820498_1584361306_noticia_normal_recorte1.jpg 720w, https:\/\/www.almargenweb.com.ar\/web\/wp-content\/uploads\/2021\/03\/1584361192_820498_1584361306_noticia_normal_recorte1-300x169.jpg 300w\" sizes=\"auto, (max-width: 720px) 100vw, 720px\" \/><figcaption>Anomal\u00edas card\u00edacas graves y un deterioro profundo del estado de salud en perros y gatos, son dos cuadros relacionados al estadio Covid 19; variante inglesa.<\/figcaption><\/figure>\n\n\n\n<p>Muchos propietarios y cuidadores de estas mascotas hab\u00edan desarrollado s\u00edntomas respiratorios de Covid-19 de 3 a 6 semanas antes de que sus mascotas se enfermaran y tambi\u00e9n hab\u00edan dado positivo en la prueba de PCR para Covid-19.<\/p>\n\n\n\n<p>Todas estas mascotas infectadas con B.1.1.7 desarrollaron manifestaciones cl\u00ednicas at\u00edpicas, incluidas anomal\u00edas card\u00edacas graves secundarias a miocarditis y un deterioro profundo del estado de salud general, pero sin signos respiratorios primarios.<\/p>\n\n\n\n<p>Seg\u00fan inform\u00f3 la Organizaci\u00f3n Panamericana de la Salud (OPS) en su p\u00e1gina, hasta el momento &#8220;no hay evidencia cient\u00edfica de que los animales de compa\u00f1\u00eda (perros y gatos) sean una fuente de infecci\u00f3n para los humanos&#8221;.<\/p>\n<!-- AddThis Advanced Settings generic via filter on the_content --><!-- AddThis Share Buttons generic via filter on the_content -->","protected":false},"excerpt":{"rendered":"<p>Especialistas de un hospital veterinario en el sudeste de Inglaterra advirtieron en un estudio publicado en [&hellip;]<!-- AddThis Advanced Settings generic via filter on get_the_excerpt --><!-- AddThis Share Buttons generic via filter on get_the_excerpt --><\/p>\n","protected":false},"author":16,"featured_media":34240,"comment_status":"open","ping_status":"open","sticky":false,"template":"","format":"standard","meta":{"_seopress_robots_primary_cat":"none","_seopress_titles_title":"","_seopress_titles_desc":"","_seopress_robots_index":"","_themeisle_gutenberg_block_has_review":false,"footnotes":""},"categories":[2,164,9,15],"tags":[],"class_list":["post-34238","post","type-post","status-publish","format-standard","has-post-thumbnail","hentry","category-actualidad","category-ambiente","category-politica","category-salud"],"_links":{"self":[{"href":"https:\/\/www.almargenweb.com.ar\/web\/wp-json\/wp\/v2\/posts\/34238","targetHints":{"allow":["GET"]}}],"collection":[{"href":"https:\/\/www.almargenweb.com.ar\/web\/wp-json\/wp\/v2\/posts"}],"about":[{"href":"https:\/\/www.almargenweb.com.ar\/web\/wp-json\/wp\/v2\/types\/post"}],"author":[{"embeddable":true,"href":"https:\/\/www.almargenweb.com.ar\/web\/wp-json\/wp\/v2\/users\/16"}],"replies":[{"embeddable":true,"href":"https:\/\/www.almargenweb.com.ar\/web\/wp-json\/wp\/v2\/comments?post=34238"}],"version-history":[{"count":1,"href":"https:\/\/www.almargenweb.com.ar\/web\/wp-json\/wp\/v2\/posts\/34238\/revisions"}],"predecessor-version":[{"id":34242,"href":"https:\/\/www.almargenweb.com.ar\/web\/wp-json\/wp\/v2\/posts\/34238\/revisions\/34242"}],"wp:featuredmedia":[{"embeddable":true,"href":"https:\/\/www.almargenweb.com.ar\/web\/wp-json\/wp\/v2\/media\/34240"}],"wp:attachment":[{"href":"https:\/\/www.almargenweb.com.ar\/web\/wp-json\/wp\/v2\/media?parent=34238"}],"wp:term":[{"taxonomy":"category","embeddable":true,"href":"https:\/\/www.almargenweb.com.ar\/web\/wp-json\/wp\/v2\/categories?post=34238"},{"taxonomy":"post_tag","embeddable":true,"href":"https:\/\/www.almargenweb.com.ar\/web\/wp-json\/wp\/v2\/tags?post=34238"}],"curies":[{"name":"wp","href":"https:\/\/api.w.org\/{rel}","templated":true}]}}