{"id":34226,"date":"2021-03-22T10:29:54","date_gmt":"2021-03-22T13:29:54","guid":{"rendered":"http:\/\/www.almargenweb.com.ar\/web\/?p=34226"},"modified":"2021-03-22T15:28:48","modified_gmt":"2021-03-22T18:28:48","slug":"muller-espero-que-el-nuevo-ministro-de-seguridad-de-las-respuestas-a-lo-que-le-venia-planteando","status":"publish","type":"post","link":"https:\/\/www.almargenweb.com.ar\/web\/muller-espero-que-el-nuevo-ministro-de-seguridad-de-las-respuestas-a-lo-que-le-venia-planteando\/","title":{"rendered":"Muller; &#8220;Espero que el nuevo Ministro de Seguridad de las respuestas a lo que le ven\u00eda planteando&#8221;"},"content":{"rendered":"\n<p>Jorge Lagna participo siempre de las reuniones de la comisi\u00f3n de seguridad a nivel local, as\u00ed que est\u00e1 al tanto de todos los problemas de Esperanza, por lo que espero una pronta respuesta a lo que venimos planteando a nivel individual e institucional.<\/p>\n\n\n\n<p>El ministro, cuando participaba de la comisi\u00f3n de seguridad escucho nuestros reclamos, conoce de primera mano los problemas, porque los recibi\u00f3 personalmente de mi persona referidos a que Esperanza cuente con una encuesta de victimologia, que se provea de mayores recursos humanos y materiales para la ciudad que atiendan la problem\u00e1tica del delito.<\/p>\n\n\n\n<p>El gobierno municipal no deber\u00eda tener inconvenientes debido que es del mismo color pol\u00edtico que el signo provincial, en los tiempos de tardanza de respuesta.<\/p>\n\n\n\n<p>\u201cAspiro como concejal a que Esperanza cuente con una pol\u00edtica de seguridad local. Desde el bloque de la UCR he presentado 15 proyectos referidos a la seguridad. La lucha contra el vandalismo, la prevenci\u00f3n en las calles a trav\u00e9s de una guardia urbana, la presencia de alarmas comunitarias articuladas, un programa de seguimiento a aquel joven que entra por primera vez en una comisaria, entre otros proyectos son necesarias en una ciudad enfocada a luchar contra el crimen en sus manifestaciones y sus causas.\u201d<\/p>\n<!-- AddThis Advanced Settings generic via filter on the_content --><!-- AddThis Share Buttons generic via filter on the_content -->","protected":false},"excerpt":{"rendered":"<p>Jorge Lagna participo siempre de las reuniones de la comisi\u00f3n de seguridad a nivel local, as\u00ed [&hellip;]<!-- AddThis Advanced Settings generic via filter on get_the_excerpt --><!-- AddThis Share Buttons generic via filter on get_the_excerpt --><\/p>\n","protected":false},"author":16,"featured_media":34228,"comment_status":"open","ping_status":"open","sticky":false,"template":"","format":"standard","meta":{"_seopress_robots_primary_cat":"none","_seopress_titles_title":"","_seopress_titles_desc":"","_seopress_robots_index":"","_themeisle_gutenberg_block_has_review":false,"footnotes":""},"categories":[2,21,9],"tags":[],"class_list":["post-34226","post","type-post","status-publish","format-standard","has-post-thumbnail","hentry","category-actualidad","category-las-colonias","category-politica"],"_links":{"self":[{"href":"https:\/\/www.almargenweb.com.ar\/web\/wp-json\/wp\/v2\/posts\/34226","targetHints":{"allow":["GET"]}}],"collection":[{"href":"https:\/\/www.almargenweb.com.ar\/web\/wp-json\/wp\/v2\/posts"}],"about":[{"href":"https:\/\/www.almargenweb.com.ar\/web\/wp-json\/wp\/v2\/types\/post"}],"author":[{"embeddable":true,"href":"https:\/\/www.almargenweb.com.ar\/web\/wp-json\/wp\/v2\/users\/16"}],"replies":[{"embeddable":true,"href":"https:\/\/www.almargenweb.com.ar\/web\/wp-json\/wp\/v2\/comments?post=34226"}],"version-history":[{"count":2,"href":"https:\/\/www.almargenweb.com.ar\/web\/wp-json\/wp\/v2\/posts\/34226\/revisions"}],"predecessor-version":[{"id":34237,"href":"https:\/\/www.almargenweb.com.ar\/web\/wp-json\/wp\/v2\/posts\/34226\/revisions\/34237"}],"wp:featuredmedia":[{"embeddable":true,"href":"https:\/\/www.almargenweb.com.ar\/web\/wp-json\/wp\/v2\/media\/34228"}],"wp:attachment":[{"href":"https:\/\/www.almargenweb.com.ar\/web\/wp-json\/wp\/v2\/media?parent=34226"}],"wp:term":[{"taxonomy":"category","embeddable":true,"href":"https:\/\/www.almargenweb.com.ar\/web\/wp-json\/wp\/v2\/categories?post=34226"},{"taxonomy":"post_tag","embeddable":true,"href":"https:\/\/www.almargenweb.com.ar\/web\/wp-json\/wp\/v2\/tags?post=34226"}],"curies":[{"name":"wp","href":"https:\/\/api.w.org\/{rel}","templated":true}]}}