{"id":34212,"date":"2021-03-21T12:15:28","date_gmt":"2021-03-21T15:15:28","guid":{"rendered":"http:\/\/www.almargenweb.com.ar\/web\/?p=34212"},"modified":"2021-03-21T12:15:30","modified_gmt":"2021-03-21T15:15:30","slug":"en-franck-el-ejecutivo-construye-28-viviendas-y-suman-mas-de-1000-construidas-en-la-ultima-decada","status":"publish","type":"post","link":"https:\/\/www.almargenweb.com.ar\/web\/en-franck-el-ejecutivo-construye-28-viviendas-y-suman-mas-de-1000-construidas-en-la-ultima-decada\/","title":{"rendered":"En Franck, el Ejecutivo construye 28 viviendas, y suman mas de 1000 construidas en la \u00faltima d\u00e9cada"},"content":{"rendered":"\n<p>La Comuna de Franck continua con su pol\u00edtica habitacional; un plan  que permiti\u00f3 construir mas de mil viviendas desde su implementaci\u00f3n, permitiendo a muchas familias de esa localidad, el sue\u00f1o de tener su casa propia, sea realidad.<\/p>\n\n\n\n<p>Actualmente, la gesti\u00f3n del Sr. Javier Enrico,construye 28 nuevas viviendas, que se sumaran a las ya 19 casas entregadas durante el 2020, que a pesar de la pandemia, lograron convertirlas en hogares. <\/p>\n\n\n\n<p>Cabe destacar la bondad de este Programa haitacional de la vecina localidad de Franck, ya que impacta positivamente en el desarrollo econ\u00f3mico del pueblo, mientras brinda soluciones habitacionales; un problema social que crece a niveles preocupante, en la regi\u00f3n y pa\u00eds.<\/p>\n<!-- AddThis Advanced Settings generic via filter on the_content --><!-- AddThis Share Buttons generic via filter on the_content -->","protected":false},"excerpt":{"rendered":"<p>La Comuna de Franck continua con su pol\u00edtica habitacional; un plan que permiti\u00f3 construir mas de [&hellip;]<!-- AddThis Advanced Settings generic via filter on get_the_excerpt --><!-- AddThis Share Buttons generic via filter on get_the_excerpt --><\/p>\n","protected":false},"author":16,"featured_media":34214,"comment_status":"open","ping_status":"open","sticky":false,"template":"","format":"standard","meta":{"_seopress_robots_primary_cat":"none","_seopress_titles_title":"","_seopress_titles_desc":"","_seopress_robots_index":"","_themeisle_gutenberg_block_has_review":false,"footnotes":""},"categories":[2,20,21,24,9],"tags":[],"class_list":["post-34212","post","type-post","status-publish","format-standard","has-post-thumbnail","hentry","category-actualidad","category-departamentales","category-las-colonias","category-obras-publicas","category-politica"],"_links":{"self":[{"href":"https:\/\/www.almargenweb.com.ar\/web\/wp-json\/wp\/v2\/posts\/34212","targetHints":{"allow":["GET"]}}],"collection":[{"href":"https:\/\/www.almargenweb.com.ar\/web\/wp-json\/wp\/v2\/posts"}],"about":[{"href":"https:\/\/www.almargenweb.com.ar\/web\/wp-json\/wp\/v2\/types\/post"}],"author":[{"embeddable":true,"href":"https:\/\/www.almargenweb.com.ar\/web\/wp-json\/wp\/v2\/users\/16"}],"replies":[{"embeddable":true,"href":"https:\/\/www.almargenweb.com.ar\/web\/wp-json\/wp\/v2\/comments?post=34212"}],"version-history":[{"count":1,"href":"https:\/\/www.almargenweb.com.ar\/web\/wp-json\/wp\/v2\/posts\/34212\/revisions"}],"predecessor-version":[{"id":34215,"href":"https:\/\/www.almargenweb.com.ar\/web\/wp-json\/wp\/v2\/posts\/34212\/revisions\/34215"}],"wp:featuredmedia":[{"embeddable":true,"href":"https:\/\/www.almargenweb.com.ar\/web\/wp-json\/wp\/v2\/media\/34214"}],"wp:attachment":[{"href":"https:\/\/www.almargenweb.com.ar\/web\/wp-json\/wp\/v2\/media?parent=34212"}],"wp:term":[{"taxonomy":"category","embeddable":true,"href":"https:\/\/www.almargenweb.com.ar\/web\/wp-json\/wp\/v2\/categories?post=34212"},{"taxonomy":"post_tag","embeddable":true,"href":"https:\/\/www.almargenweb.com.ar\/web\/wp-json\/wp\/v2\/tags?post=34212"}],"curies":[{"name":"wp","href":"https:\/\/api.w.org\/{rel}","templated":true}]}}