{"id":34206,"date":"2021-03-21T10:56:38","date_gmt":"2021-03-21T13:56:38","guid":{"rendered":"http:\/\/www.almargenweb.com.ar\/web\/?p=34206"},"modified":"2021-03-21T10:56:40","modified_gmt":"2021-03-21T13:56:40","slug":"salud-cuales-son-los-riesgos-de-contraer-covid-19-en-personas-con-sindrome-de-down","status":"publish","type":"post","link":"https:\/\/www.almargenweb.com.ar\/web\/salud-cuales-son-los-riesgos-de-contraer-covid-19-en-personas-con-sindrome-de-down\/","title":{"rendered":"Salud; Cu\u00e1les son los riesgos de contraer COVID-19 en personas con s\u00edndrome de Down"},"content":{"rendered":"\n<p>En diciembre de 2011, la Asamblea General de las Naciones Unidas design\u00f3 el 21 de marzo como el D\u00eda Mundial del S\u00edndrome de Down para generar conciencia en la sociedad. Se trata de una alteraci\u00f3n gen\u00e9tica causada por la existencia de material gen\u00e9tico extra en el cromosoma 21.<\/p>\n\n\n\n<p>Fernando Burgos, Coordinador de la Cl\u00ednica de S\u00edndrome de Down del Hospital Universitario Austral, explic\u00f3 que &#8220;ni\u00f1os pueden tener riesgo de padecer un curso m\u00e1s grave de la enfermedad COVID-19 con respecto a sujetos sanos debido a la patolog\u00eda subyacente de malformaciones cardiovasculares, respiratorias, obesidad y respuesta inmune muchas veces deficiente\u201d.<\/p>\n\n\n\n<figure class=\"wp-block-image size-large\"><img loading=\"lazy\" decoding=\"async\" width=\"1024\" height=\"538\" src=\"https:\/\/www.almargenweb.com.ar\/web\/wp-content\/uploads\/2021\/03\/sindromedown-1024x538.jpg\" alt=\"\" class=\"wp-image-34208\" srcset=\"https:\/\/www.almargenweb.com.ar\/web\/wp-content\/uploads\/2021\/03\/sindromedown-1024x538.jpg 1024w, https:\/\/www.almargenweb.com.ar\/web\/wp-content\/uploads\/2021\/03\/sindromedown-300x158.jpg 300w, https:\/\/www.almargenweb.com.ar\/web\/wp-content\/uploads\/2021\/03\/sindromedown-768x403.jpg 768w, https:\/\/www.almargenweb.com.ar\/web\/wp-content\/uploads\/2021\/03\/sindromedown.jpg 1200w\" sizes=\"auto, (max-width: 1024px) 100vw, 1024px\" \/><figcaption>21 de marzo como el D\u00eda Mundial del S\u00edndrome de Down. En el mundo, una persona de cada 1.000 tiene s\u00edndrome de Down.<\/figcaption><\/figure>\n\n\n\n<p>Las personas con s\u00edndrome de Down que presenten alguna cardiopat\u00eda no intervenida, enfermedad pulmonar cr\u00f3nica u otras complicaciones tipo hipertensi\u00f3n o diabetes son m\u00e1s vulnerables a esta enfermedad.<\/p>\n\n\n\n<p>Es muy importante que, en el caso de los ni\u00f1os, \u201crealicen los controles anuales correspondientes, contin\u00faen con las terapias de integraci\u00f3n de forma presencial o virtual con los cuidados y protocolos que conocemos y que completen el calendario de vacunas de enfermedades inmunoprevenibles como todos los ni\u00f1os.<\/p>\n\n\n\n<figure class=\"wp-block-image size-large\"><img loading=\"lazy\" decoding=\"async\" width=\"992\" height=\"558\" src=\"https:\/\/www.almargenweb.com.ar\/web\/wp-content\/uploads\/2021\/03\/Q3SSHLBSVBBRLJZ54QH6BSG4T4.jpg\" alt=\"\" class=\"wp-image-34209\" srcset=\"https:\/\/www.almargenweb.com.ar\/web\/wp-content\/uploads\/2021\/03\/Q3SSHLBSVBBRLJZ54QH6BSG4T4.jpg 992w, https:\/\/www.almargenweb.com.ar\/web\/wp-content\/uploads\/2021\/03\/Q3SSHLBSVBBRLJZ54QH6BSG4T4-300x169.jpg 300w, https:\/\/www.almargenweb.com.ar\/web\/wp-content\/uploads\/2021\/03\/Q3SSHLBSVBBRLJZ54QH6BSG4T4-768x432.jpg 768w\" sizes=\"auto, (max-width: 992px) 100vw, 992px\" \/><figcaption>Las personas con sindrome de down, son gen\u00e9ticamente susceptibles al COVID-19, y son m\u00e1s susceptibles a complicaciones a largo plazo, como la fibrosis pulmonar (Shutterstock)<\/figcaption><\/figure>\n\n\n\n<p>De acuerdo a los resultados de un estudio, publicado por la revista Scientific Reports, el riesgo de mortalidad por COVID-19 es 10 veces mayor en personas con s\u00edndrome de Down.<\/p>\n\n\n\n<p>El S\u00edndrome de Down no es una enfermedad, sino que es una condici\u00f3n gen\u00e9tica que puede tener asociadas diferentes patolog\u00edas \u2014card\u00edacas, visuales, auditivas, musculares, entre otras. <\/p>\n\n\n\n<p>Es importante el acompa\u00f1aiento en la detecci\u00f3n temprana y asesoramiento para que la familia pueda acceder a las prestaciones m\u00e9dicas necesarias con el fin de optimizar la calidad de vida de la persona.<\/p>\n<!-- AddThis Advanced Settings generic via filter on the_content --><!-- AddThis Share Buttons generic via filter on the_content -->","protected":false},"excerpt":{"rendered":"<p>En diciembre de 2011, la Asamblea General de las Naciones Unidas design\u00f3 el 21 de marzo [&hellip;]<!-- AddThis Advanced Settings generic via filter on get_the_excerpt --><!-- AddThis Share Buttons generic via filter on get_the_excerpt --><\/p>\n","protected":false},"author":16,"featured_media":34210,"comment_status":"open","ping_status":"open","sticky":false,"template":"","format":"standard","meta":{"_seopress_robots_primary_cat":"none","_seopress_titles_title":"","_seopress_titles_desc":"","_seopress_robots_index":"","_themeisle_gutenberg_block_has_review":false,"footnotes":""},"categories":[2,15],"tags":[],"class_list":["post-34206","post","type-post","status-publish","format-standard","has-post-thumbnail","hentry","category-actualidad","category-salud"],"_links":{"self":[{"href":"https:\/\/www.almargenweb.com.ar\/web\/wp-json\/wp\/v2\/posts\/34206","targetHints":{"allow":["GET"]}}],"collection":[{"href":"https:\/\/www.almargenweb.com.ar\/web\/wp-json\/wp\/v2\/posts"}],"about":[{"href":"https:\/\/www.almargenweb.com.ar\/web\/wp-json\/wp\/v2\/types\/post"}],"author":[{"embeddable":true,"href":"https:\/\/www.almargenweb.com.ar\/web\/wp-json\/wp\/v2\/users\/16"}],"replies":[{"embeddable":true,"href":"https:\/\/www.almargenweb.com.ar\/web\/wp-json\/wp\/v2\/comments?post=34206"}],"version-history":[{"count":1,"href":"https:\/\/www.almargenweb.com.ar\/web\/wp-json\/wp\/v2\/posts\/34206\/revisions"}],"predecessor-version":[{"id":34211,"href":"https:\/\/www.almargenweb.com.ar\/web\/wp-json\/wp\/v2\/posts\/34206\/revisions\/34211"}],"wp:featuredmedia":[{"embeddable":true,"href":"https:\/\/www.almargenweb.com.ar\/web\/wp-json\/wp\/v2\/media\/34210"}],"wp:attachment":[{"href":"https:\/\/www.almargenweb.com.ar\/web\/wp-json\/wp\/v2\/media?parent=34206"}],"wp:term":[{"taxonomy":"category","embeddable":true,"href":"https:\/\/www.almargenweb.com.ar\/web\/wp-json\/wp\/v2\/categories?post=34206"},{"taxonomy":"post_tag","embeddable":true,"href":"https:\/\/www.almargenweb.com.ar\/web\/wp-json\/wp\/v2\/tags?post=34206"}],"curies":[{"name":"wp","href":"https:\/\/api.w.org\/{rel}","templated":true}]}}