{"id":34177,"date":"2021-03-18T15:59:53","date_gmt":"2021-03-18T18:59:53","guid":{"rendered":"http:\/\/www.almargenweb.com.ar\/web\/?p=34177"},"modified":"2021-03-18T15:59:55","modified_gmt":"2021-03-18T18:59:55","slug":"un-dia-como-hoy-de-1922-los-britanicos-encarcelaban-a-gandhi-por-desobediencia-civil","status":"publish","type":"post","link":"https:\/\/www.almargenweb.com.ar\/web\/un-dia-como-hoy-de-1922-los-britanicos-encarcelaban-a-gandhi-por-desobediencia-civil\/","title":{"rendered":"Un d\u00eda como hoy, de 1922, los brit\u00e1nicos encarcelaban a Gandhi por &#8220;desobediencia civil&#8221;"},"content":{"rendered":"\n<p>Hace 99 a\u00f1os, Gandhi era arrestado por desobediencia civil y condenado a seis a\u00f1os de c\u00e1rcel, de los cuales s\u00f3lo cumpli\u00f3 dos.<\/p>\n\n\n\n<p><br>El 18 de marzo de 1922, el l\u00edder pacifista Mahatma Gandhi fue condenado por la corte a seis a\u00f1os de prisi\u00f3n, con la promesa oficial de liberarlo inmediatamente si las protestas en las calles de la India cesaban.<\/p>\n\n\n\n<p><br>La llamada Ley Rowlatt, promulgada en Inglaterra para negar los derechos civiles de los hind\u00faes, llev\u00f3 a Gandhi a convertirse en el m\u00e1ximo l\u00edder, activista y defensor de los derechos de sus compatriotas.<\/p>\n\n\n\n<figure class=\"wp-block-image size-large\"><img loading=\"lazy\" decoding=\"async\" width=\"638\" height=\"479\" src=\"https:\/\/www.almargenweb.com.ar\/web\/wp-content\/uploads\/2021\/03\/gandhi-y-su-aportacion-1-638.jpg\" alt=\"\" class=\"wp-image-34180\" srcset=\"https:\/\/www.almargenweb.com.ar\/web\/wp-content\/uploads\/2021\/03\/gandhi-y-su-aportacion-1-638.jpg 638w, https:\/\/www.almargenweb.com.ar\/web\/wp-content\/uploads\/2021\/03\/gandhi-y-su-aportacion-1-638-300x225.jpg 300w\" sizes=\"auto, (max-width: 638px) 100vw, 638px\" \/><figcaption>S\u00edmbolo de paz; Mahatma Gandhi, entre muchas otras cosas, fue un defensor de los derechos civiles de la poblaci\u00f3n India.<\/figcaption><\/figure>\n\n\n\n<p><br>Durante varios a\u00f1os, organiz\u00f3 protestas callejeras que agruparon a las personas bajo un reclamo pac\u00edfico que evit\u00f3 cualquier violencia. Sin embargo, el ardor y el apoyo de la gente rebas\u00f3 los l\u00edmites pac\u00edficos y las manifestaciones se tornaron violentas.<\/p>\n\n\n\n<p><br>Ante esta situaci\u00f3n, las autoridades inglesas arrestaron a Gandhi, que entonces fue trasladado a Bombay, en donde fue juzgado y sentenciado a seis a\u00f1os de prisi\u00f3n. Dos a\u00f1os m\u00e1s tarde, convaleciente por una apendicitis, fue puesto en libertad.<\/p>\n<!-- AddThis Advanced Settings generic via filter on the_content --><!-- AddThis Share Buttons generic via filter on the_content -->","protected":false},"excerpt":{"rendered":"<p>Hace 99 a\u00f1os, Gandhi era arrestado por desobediencia civil y condenado a seis a\u00f1os de c\u00e1rcel, [&hellip;]<!-- AddThis Advanced Settings generic via filter on get_the_excerpt --><!-- AddThis Share Buttons generic via filter on get_the_excerpt --><\/p>\n","protected":false},"author":16,"featured_media":34179,"comment_status":"open","ping_status":"open","sticky":false,"template":"","format":"standard","meta":{"_seopress_robots_primary_cat":"none","_seopress_titles_title":"","_seopress_titles_desc":"","_seopress_robots_index":"","_themeisle_gutenberg_block_has_review":false,"footnotes":""},"categories":[164,3,19,9],"tags":[],"class_list":["post-34177","post","type-post","status-publish","format-standard","has-post-thumbnail","hentry","category-ambiente","category-cultura","category-educacion","category-politica"],"_links":{"self":[{"href":"https:\/\/www.almargenweb.com.ar\/web\/wp-json\/wp\/v2\/posts\/34177","targetHints":{"allow":["GET"]}}],"collection":[{"href":"https:\/\/www.almargenweb.com.ar\/web\/wp-json\/wp\/v2\/posts"}],"about":[{"href":"https:\/\/www.almargenweb.com.ar\/web\/wp-json\/wp\/v2\/types\/post"}],"author":[{"embeddable":true,"href":"https:\/\/www.almargenweb.com.ar\/web\/wp-json\/wp\/v2\/users\/16"}],"replies":[{"embeddable":true,"href":"https:\/\/www.almargenweb.com.ar\/web\/wp-json\/wp\/v2\/comments?post=34177"}],"version-history":[{"count":1,"href":"https:\/\/www.almargenweb.com.ar\/web\/wp-json\/wp\/v2\/posts\/34177\/revisions"}],"predecessor-version":[{"id":34181,"href":"https:\/\/www.almargenweb.com.ar\/web\/wp-json\/wp\/v2\/posts\/34177\/revisions\/34181"}],"wp:featuredmedia":[{"embeddable":true,"href":"https:\/\/www.almargenweb.com.ar\/web\/wp-json\/wp\/v2\/media\/34179"}],"wp:attachment":[{"href":"https:\/\/www.almargenweb.com.ar\/web\/wp-json\/wp\/v2\/media?parent=34177"}],"wp:term":[{"taxonomy":"category","embeddable":true,"href":"https:\/\/www.almargenweb.com.ar\/web\/wp-json\/wp\/v2\/categories?post=34177"},{"taxonomy":"post_tag","embeddable":true,"href":"https:\/\/www.almargenweb.com.ar\/web\/wp-json\/wp\/v2\/tags?post=34177"}],"curies":[{"name":"wp","href":"https:\/\/api.w.org\/{rel}","templated":true}]}}