{"id":34131,"date":"2021-03-16T08:44:40","date_gmt":"2021-03-16T11:44:40","guid":{"rendered":"http:\/\/www.almargenweb.com.ar\/web\/?p=34131"},"modified":"2021-03-16T08:44:42","modified_gmt":"2021-03-16T11:44:42","slug":"por-la-inflacion-los-duenos-de-librerias-reconocen-una-merma-en-la-compra-de-utiles-escolares","status":"publish","type":"post","link":"https:\/\/www.almargenweb.com.ar\/web\/por-la-inflacion-los-duenos-de-librerias-reconocen-una-merma-en-la-compra-de-utiles-escolares\/","title":{"rendered":"Por la inflaci\u00f3n, los due\u00f1os de librer\u00edas reconocen una merma en la compra de \u00fatiles escolares"},"content":{"rendered":"\n<p>Tras un 2020 sin clases presenciales, varias familias optaron por guardar los productos escolares adquiridos, los cuales no se llegaron a utilizar esperando el nuevo listado de productos escolares.<\/p>\n\n\n\n<p>Estiman que la canasta b\u00e1sica, que contiene productos escolares pedidos por los distintos colegios, se increment\u00f3 en un 48% interanual, muy por encima de la inflaci\u00f3n de 2020. <\/p>\n\n\n\n<p>Pandemia e inflaci\u00f3n, dos factores que desviaron las compras en un 30 por ciento, de la lista habitual.<\/p>\n\n\n\n<p><\/p>\n<!-- AddThis Advanced Settings generic via filter on the_content --><!-- AddThis Share Buttons generic via filter on the_content -->","protected":false},"excerpt":{"rendered":"<p>Tras un 2020 sin clases presenciales, varias familias optaron por guardar los productos escolares adquiridos, los [&hellip;]<!-- AddThis Advanced Settings generic via filter on get_the_excerpt --><!-- AddThis Share Buttons generic via filter on get_the_excerpt --><\/p>\n","protected":false},"author":16,"featured_media":34134,"comment_status":"open","ping_status":"open","sticky":false,"template":"","format":"standard","meta":{"_seopress_robots_primary_cat":"none","_seopress_titles_title":"","_seopress_titles_desc":"","_seopress_robots_index":"","_themeisle_gutenberg_block_has_review":false,"footnotes":""},"categories":[1],"tags":[],"class_list":["post-34131","post","type-post","status-publish","format-standard","has-post-thumbnail","hentry","category-sin-categoria"],"_links":{"self":[{"href":"https:\/\/www.almargenweb.com.ar\/web\/wp-json\/wp\/v2\/posts\/34131","targetHints":{"allow":["GET"]}}],"collection":[{"href":"https:\/\/www.almargenweb.com.ar\/web\/wp-json\/wp\/v2\/posts"}],"about":[{"href":"https:\/\/www.almargenweb.com.ar\/web\/wp-json\/wp\/v2\/types\/post"}],"author":[{"embeddable":true,"href":"https:\/\/www.almargenweb.com.ar\/web\/wp-json\/wp\/v2\/users\/16"}],"replies":[{"embeddable":true,"href":"https:\/\/www.almargenweb.com.ar\/web\/wp-json\/wp\/v2\/comments?post=34131"}],"version-history":[{"count":1,"href":"https:\/\/www.almargenweb.com.ar\/web\/wp-json\/wp\/v2\/posts\/34131\/revisions"}],"predecessor-version":[{"id":34135,"href":"https:\/\/www.almargenweb.com.ar\/web\/wp-json\/wp\/v2\/posts\/34131\/revisions\/34135"}],"wp:featuredmedia":[{"embeddable":true,"href":"https:\/\/www.almargenweb.com.ar\/web\/wp-json\/wp\/v2\/media\/34134"}],"wp:attachment":[{"href":"https:\/\/www.almargenweb.com.ar\/web\/wp-json\/wp\/v2\/media?parent=34131"}],"wp:term":[{"taxonomy":"category","embeddable":true,"href":"https:\/\/www.almargenweb.com.ar\/web\/wp-json\/wp\/v2\/categories?post=34131"},{"taxonomy":"post_tag","embeddable":true,"href":"https:\/\/www.almargenweb.com.ar\/web\/wp-json\/wp\/v2\/tags?post=34131"}],"curies":[{"name":"wp","href":"https:\/\/api.w.org\/{rel}","templated":true}]}}