{"id":34081,"date":"2021-03-13T10:00:40","date_gmt":"2021-03-13T13:00:40","guid":{"rendered":"http:\/\/www.almargenweb.com.ar\/web\/?p=34081"},"modified":"2021-03-13T10:00:41","modified_gmt":"2021-03-13T13:00:41","slug":"acordado-por-la-unl-unr-utn-unraf-junto-al-gobierno-provincial-las-universidades-publicas-de-la-provincia-abriran-progresivamente-sus-aulas","status":"publish","type":"post","link":"https:\/\/www.almargenweb.com.ar\/web\/acordado-por-la-unl-unr-utn-unraf-junto-al-gobierno-provincial-las-universidades-publicas-de-la-provincia-abriran-progresivamente-sus-aulas\/","title":{"rendered":"Acordado por la UNL, UNR, UTN, UNRaf junto al Gobierno provincial, las Universidades p\u00fablicas de la provincia abrir\u00e1n progresivamente sus aulas"},"content":{"rendered":"\n<p>Con el objetivo de recuperar la presencialidad cuidada, gradual y progresiva de las actividades educativas en las instituciones universitarias nacionales, este viernes se firm\u00f3 un acuerdo entre el Gobierno de la Provincia y las cinco universidades santafesinas.<\/p>\n\n\n\n<p>El acta oficial subraya que \u201cante el comienzo del ciclo lectivo 2021 en instituciones universitarias se establece que la apertura de las mismas se regir\u00e1n por protocolo, aprobado por el Ministerio de Salud.<\/p>\n\n\n\n<figure class=\"wp-block-image size-large\"><img loading=\"lazy\" decoding=\"async\" width=\"640\" height=\"532\" src=\"https:\/\/www.almargenweb.com.ar\/web\/wp-content\/uploads\/2021\/03\/campusfave_vga_vga.jpg\" alt=\"\" class=\"wp-image-34084\" srcset=\"https:\/\/www.almargenweb.com.ar\/web\/wp-content\/uploads\/2021\/03\/campusfave_vga_vga.jpg 640w, https:\/\/www.almargenweb.com.ar\/web\/wp-content\/uploads\/2021\/03\/campusfave_vga_vga-300x249.jpg 300w\" sizes=\"auto, (max-width: 640px) 100vw, 640px\" \/><figcaption>En la facultad de Ciencias Veterinaria y Agrarias, el retorno a las actividades acad\u00e9micas presenciales de alumnos y docentes, no sera igual para todas las materias. <\/figcaption><\/figure>\n\n\n\n<p>Sera obligatorio el uso de tapabocas, distancia de 1,5 metros entre las personas, control de la temperatura al ingreso, disponer de sanitizante para manos al ingresar y para uso frecuente, la disposici\u00f3n de la ocupaci\u00f3n de las aulas, talleres, laboratorios, etc. contemplando el distanciamiento m\u00ednimo, la ventilaci\u00f3n del aula por al menos 15 minuto entre una clase y otra.<\/p>\n\n\n\n<p>En este sentido, se indic\u00f3 que las mismas se ir\u00e1n planificando y habilitando de acuerdo a las prioridades establecidas en cada carrera, atendiendo tanto el desarrollo de la situaci\u00f3n sanitaria como a el del transporte p\u00fablico -local, media y larga distancia- y a la condici\u00f3n de simultaneidad de las actividades.<\/p>\n<!-- AddThis Advanced Settings generic via filter on the_content --><!-- AddThis Share Buttons generic via filter on the_content -->","protected":false},"excerpt":{"rendered":"<p>Con el objetivo de recuperar la presencialidad cuidada, gradual y progresiva de las actividades educativas en [&hellip;]<!-- AddThis Advanced Settings generic via filter on get_the_excerpt --><!-- AddThis Share Buttons generic via filter on get_the_excerpt --><\/p>\n","protected":false},"author":16,"featured_media":34085,"comment_status":"open","ping_status":"open","sticky":false,"template":"","format":"standard","meta":{"_seopress_robots_primary_cat":"none","_seopress_titles_title":"","_seopress_titles_desc":"","_seopress_robots_index":"","_themeisle_gutenberg_block_has_review":false,"footnotes":""},"categories":[2,3,19,140,9,15],"tags":[],"class_list":["post-34081","post","type-post","status-publish","format-standard","has-post-thumbnail","hentry","category-actualidad","category-cultura","category-educacion","category-nacionales","category-politica","category-salud"],"_links":{"self":[{"href":"https:\/\/www.almargenweb.com.ar\/web\/wp-json\/wp\/v2\/posts\/34081","targetHints":{"allow":["GET"]}}],"collection":[{"href":"https:\/\/www.almargenweb.com.ar\/web\/wp-json\/wp\/v2\/posts"}],"about":[{"href":"https:\/\/www.almargenweb.com.ar\/web\/wp-json\/wp\/v2\/types\/post"}],"author":[{"embeddable":true,"href":"https:\/\/www.almargenweb.com.ar\/web\/wp-json\/wp\/v2\/users\/16"}],"replies":[{"embeddable":true,"href":"https:\/\/www.almargenweb.com.ar\/web\/wp-json\/wp\/v2\/comments?post=34081"}],"version-history":[{"count":1,"href":"https:\/\/www.almargenweb.com.ar\/web\/wp-json\/wp\/v2\/posts\/34081\/revisions"}],"predecessor-version":[{"id":34086,"href":"https:\/\/www.almargenweb.com.ar\/web\/wp-json\/wp\/v2\/posts\/34081\/revisions\/34086"}],"wp:featuredmedia":[{"embeddable":true,"href":"https:\/\/www.almargenweb.com.ar\/web\/wp-json\/wp\/v2\/media\/34085"}],"wp:attachment":[{"href":"https:\/\/www.almargenweb.com.ar\/web\/wp-json\/wp\/v2\/media?parent=34081"}],"wp:term":[{"taxonomy":"category","embeddable":true,"href":"https:\/\/www.almargenweb.com.ar\/web\/wp-json\/wp\/v2\/categories?post=34081"},{"taxonomy":"post_tag","embeddable":true,"href":"https:\/\/www.almargenweb.com.ar\/web\/wp-json\/wp\/v2\/tags?post=34081"}],"curies":[{"name":"wp","href":"https:\/\/api.w.org\/{rel}","templated":true}]}}